{"id":1437,"date":"2023-06-01T13:09:22","date_gmt":"2023-06-01T11:09:22","guid":{"rendered":"https:\/\/www.pari-geisa.org\/?p=1437"},"modified":"2024-05-16T15:55:54","modified_gmt":"2024-05-16T13:55:54","slug":"from-ostpolitik-to-the-russian-invasion-of-ukraine","status":"publish","type":"post","link":"https:\/\/www.pari-geisa.org\/de\/2023\/06\/01\/from-ostpolitik-to-the-russian-invasion-of-ukraine\/","title":{"rendered":"Von der Ostpolitik zur russischen Invasion der Ukraine"},"content":{"rendered":"<div data-elementor-type=\"wp-post\" data-elementor-id=\"1437\" class=\"elementor elementor-1437\" data-elementor-settings=\"{&quot;element_pack_global_tooltip_width&quot;:{&quot;unit&quot;:&quot;px&quot;,&quot;size&quot;:&quot;&quot;,&quot;sizes&quot;:[]},&quot;element_pack_global_tooltip_width_tablet&quot;:{&quot;unit&quot;:&quot;px&quot;,&quot;size&quot;:&quot;&quot;,&quot;sizes&quot;:[]},&quot;element_pack_global_tooltip_width_mobile&quot;:{&quot;unit&quot;:&quot;px&quot;,&quot;size&quot;:&quot;&quot;,&quot;sizes&quot;:[]},&quot;element_pack_global_tooltip_padding&quot;:{&quot;unit&quot;:&quot;px&quot;,&quot;top&quot;:&quot;&quot;,&quot;right&quot;:&quot;&quot;,&quot;bottom&quot;:&quot;&quot;,&quot;left&quot;:&quot;&quot;,&quot;isLinked&quot;:true},&quot;element_pack_global_tooltip_padding_tablet&quot;:{&quot;unit&quot;:&quot;px&quot;,&quot;top&quot;:&quot;&quot;,&quot;right&quot;:&quot;&quot;,&quot;bottom&quot;:&quot;&quot;,&quot;left&quot;:&quot;&quot;,&quot;isLinked&quot;:true},&quot;element_pack_global_tooltip_padding_mobile&quot;:{&quot;unit&quot;:&quot;px&quot;,&quot;top&quot;:&quot;&quot;,&quot;right&quot;:&quot;&quot;,&quot;bottom&quot;:&quot;&quot;,&quot;left&quot;:&quot;&quot;,&quot;isLinked&quot;:true},&quot;element_pack_global_tooltip_border_radius&quot;:{&quot;unit&quot;:&quot;px&quot;,&quot;top&quot;:&quot;&quot;,&quot;right&quot;:&quot;&quot;,&quot;bottom&quot;:&quot;&quot;,&quot;left&quot;:&quot;&quot;,&quot;isLinked&quot;:true},&quot;element_pack_global_tooltip_border_radius_tablet&quot;:{&quot;unit&quot;:&quot;px&quot;,&quot;top&quot;:&quot;&quot;,&quot;right&quot;:&quot;&quot;,&quot;bottom&quot;:&quot;&quot;,&quot;left&quot;:&quot;&quot;,&quot;isLinked&quot;:true},&quot;element_pack_global_tooltip_border_radius_mobile&quot;:{&quot;unit&quot;:&quot;px&quot;,&quot;top&quot;:&quot;&quot;,&quot;right&quot;:&quot;&quot;,&quot;bottom&quot;:&quot;&quot;,&quot;left&quot;:&quot;&quot;,&quot;isLinked&quot;:true}}\" data-elementor-post-type=\"post\">\n\t\t\t\t\t\t<section class=\"elementor-section elementor-top-section elementor-element elementor-element-43e21d6 elementor-section-boxed elementor-section-height-default elementor-section-height-default\" data-id=\"43e21d6\" data-element_type=\"section\" data-e-type=\"section\">\n\t\t\t\t\t\t<div class=\"elementor-container elementor-column-gap-default\">\n\t\t\t\t\t<div class=\"elementor-column elementor-col-100 elementor-top-column elementor-element elementor-element-2e0a8ed\" data-id=\"2e0a8ed\" data-element_type=\"column\" data-e-type=\"column\">\n\t\t\t<div class=\"elementor-widget-wrap elementor-element-populated\">\n\t\t\t\t\t\t<div class=\"elementor-element elementor-element-1b0a2b2 elementor-widget elementor-widget-heading\" data-id=\"1b0a2b2\" data-element_type=\"widget\" data-e-type=\"widget\" data-widget_type=\"heading.default\">\n\t\t\t\t<div class=\"elementor-widget-container\">\n\t\t\t\t\t<h2 class=\"elementor-heading-title elementor-size-default\">Von der Ostpolitik zur russischen Invasion in der Ukraine<\/h2>\t\t\t\t<\/div>\n\t\t\t\t<\/div>\n\t\t\t\t<div class=\"elementor-element elementor-element-0785d98 elementor-widget elementor-widget-text-editor\" data-id=\"0785d98\" data-element_type=\"widget\" data-e-type=\"widget\" data-widget_type=\"text-editor.default\">\n\t\t\t\t<div class=\"elementor-widget-container\">\n\t\t\t\t\t\t\t\t\t<p align=\"LEFT\"><span lang=\"en-GB\">\u00d6ffentliche Diskussion der wissenschaftlichen Konferenz \"Der deutsch-deutsche Grundlagenvertrag 1972\/73: Internationaler Kontext, Konsequenzen, Erinnerung\". Das Point Alpha Research Institute (PARI) und das Berliner Kolleg Kalter Krieg (BKKK) sind Partner der Konferenz.<\/span><\/p>\t\t\t\t\t\t\t\t<\/div>\n\t\t\t\t<\/div>\n\t\t\t\t<section class=\"elementor-section elementor-inner-section elementor-element elementor-element-4fef60c elementor-section-boxed elementor-section-height-default elementor-section-height-default\" data-id=\"4fef60c\" data-element_type=\"section\" data-e-type=\"section\">\n\t\t\t\t\t\t<div class=\"elementor-container elementor-column-gap-default\">\n\t\t\t\t\t<div class=\"elementor-column elementor-col-50 elementor-inner-column elementor-element elementor-element-0e69068\" data-id=\"0e69068\" data-element_type=\"column\" data-e-type=\"column\">\n\t\t\t<div class=\"elementor-widget-wrap elementor-element-populated\">\n\t\t\t\t\t\t<div class=\"elementor-element elementor-element-e5704be elementor-icon-list--layout-traditional elementor-list-item-link-full_width elementor-widget elementor-widget-icon-list\" data-id=\"e5704be\" data-element_type=\"widget\" data-e-type=\"widget\" data-widget_type=\"icon-list.default\">\n\t\t\t\t<div class=\"elementor-widget-container\">\n\t\t\t\t\t\t\t<ul class=\"elementor-icon-list-items\">\n\t\t\t\t\t\t\t<li class=\"elementor-icon-list-item\">\n\t\t\t\t\t\t\t\t\t\t\t<span class=\"elementor-icon-list-icon\">\n\t\t\t\t\t\t\t<i aria-hidden=\"true\" class=\"far fa-building\"><\/i>\t\t\t\t\t\t<\/span>\n\t\t\t\t\t\t\t\t\t\t<span class=\"elementor-icon-list-text\">Schloss Geisa, Gangolfi-Saal, Geisa, Deutschland<\/span>\n\t\t\t\t\t\t\t\t\t<\/li>\n\t\t\t\t\t\t\t\t<li class=\"elementor-icon-list-item\">\n\t\t\t\t\t\t\t\t\t\t\t<span class=\"elementor-icon-list-icon\">\n\t\t\t\t\t\t\t<i aria-hidden=\"true\" class=\"far fa-calendar-times\"><\/i>\t\t\t\t\t\t<\/span>\n\t\t\t\t\t\t\t\t\t\t<span class=\"elementor-icon-list-text\">1. Juni 2023, 19:00<\/span>\n\t\t\t\t\t\t\t\t\t<\/li>\n\t\t\t\t\t\t\t\t<li class=\"elementor-icon-list-item\">\n\t\t\t\t\t\t\t\t\t\t\t<a href=\"https:\/\/www.pari-geisa.org\/wp-content\/uploads\/2023\/12\/2023-05-02-finales-Programm-Grundlagenvertrag.pdf\">\n\n\t\t\t\t\t\t\t\t\t\t\t\t<span class=\"elementor-icon-list-icon\">\n\t\t\t\t\t\t\t<i aria-hidden=\"true\" class=\"far fa-file-pdf\"><\/i>\t\t\t\t\t\t<\/span>\n\t\t\t\t\t\t\t\t\t\t<span class=\"elementor-icon-list-text\">Informationen zur Veranstaltung<\/span>\n\t\t\t\t\t\t\t\t\t\t\t<\/a>\n\t\t\t\t\t\t\t\t\t<\/li>\n\t\t\t\t\t\t<\/ul>\n\t\t\t\t\t\t<\/div>\n\t\t\t\t<\/div>\n\t\t\t\t<div class=\"elementor-element elementor-element-9f7322d elementor-widget elementor-widget-text-editor\" data-id=\"9f7322d\" data-element_type=\"widget\" data-e-type=\"widget\" data-widget_type=\"text-editor.default\">\n\t\t\t\t<div class=\"elementor-widget-container\">\n\t\t\t\t\t\t\t\t\t<table border=\"1\" width=\"697\" cellspacing=\"0\" cellpadding=\"7\"><tbody><tr><td valign=\"TOP\" width=\"681\"><p align=\"LEFT\"><span lang=\"en-GB\">\"Von der Ostpolitik zum russischen Einmarsch in der Ukraine\" - so lautete der Titel der hochaktuellen Diskussion, die die Point Alpha Stiftung am Donnerstag, 1. Juni, im Gangolfi-Saal von Schloss Geisa veranstaltete. Ein hochkar\u00e4tig besetztes Podium befasste sich mit der historischen Dimension der \"Wende\", aber auch mit den Ursachen, Hintergr\u00fcnden und Folgen. Die \u00d6ffentlichkeit war bei freiem Eintritt willkommen.<\/span><\/p><p align=\"LEFT\"><span lang=\"en-GB\">Was ist schief gelaufen? Welche Schl\u00fcsse kann Deutschland daraus f\u00fcr die Gestaltung seiner Beziehungen ziehen? Dies sind nur zwei der vielen Fragen, die den Menschen unter den N\u00e4geln brannten. Neben dem CDU-Bundestagsabgeordneten und Point-Alpha-Stiftungsvorstand Michael Brand diskutierten Prof. Dr. Hope Harrison von der Georg-Washington-Universit\u00e4t und Prof. Dr. Claudia Wiesner von der Fachhochschule Fulda sowie Dr. Matthias Uhl vom Deutschen Historischen Institut in Moskau. Gemeinsam diskutierten sie die oben genannten Fragen sowie m\u00f6gliche L\u00f6sungen.<\/span><\/p><p align=\"LEFT\"><span lang=\"en-GB\">Moderiert wurde die Diskussion von Prof. Dr. Philipp Gassert (Universit\u00e4t Mannheim und Vorsitzender des wissenschaftlichen Beirats der Point Alpha Foundation) und Philipp Metzler (Studienleiter der Point Alpha Foundation).<\/span><\/p><p align=\"LEFT\"><span lang=\"en-GB\">Die Veranstaltung fand im Rahmen der wissenschaftlichen Konferenz \"Der deutsch-deutsche Grundlagenvertrag 1972\/73: Internationaler Kontext, Konsequenzen, Erinnerung\" statt. Das Point Alpha Research Institute (PARI) und das Berliner Kolleg Kalter Krieg (BKKK) sind Partner der Konferenz.<\/span><\/p><\/td><\/tr><\/tbody><\/table>\t\t\t\t\t\t\t\t<\/div>\n\t\t\t\t<\/div>\n\t\t\t\t<div class=\"elementor-element elementor-element-02f0a05 elementor-widget elementor-widget-text-editor\" data-id=\"02f0a05\" data-element_type=\"widget\" data-e-type=\"widget\" data-widget_type=\"text-editor.default\">\n\t\t\t\t<div class=\"elementor-widget-container\">\n\t\t\t\t\t\t\t\t\t<p><span lang=\"en-GB\">Die Veranstaltung fand im Rahmen der wissenschaftlichen Konferenz \"Der deutsch-deutsche Grundlagenvertrag 1972\/73: Internationaler Kontext, Konsequenzen, Erinnerung\" statt. Das Point Alpha Research Institute (PARI) und das Berliner Kolleg Kalter Krieg (BKKK) sind Partner der Konferenz.<\/span><\/p>\t\t\t\t\t\t\t\t<\/div>\n\t\t\t\t<\/div>\n\t\t\t\t\t<\/div>\n\t\t<\/div>\n\t\t\t\t<div class=\"elementor-column elementor-col-50 elementor-inner-column elementor-element elementor-element-acf7be9\" data-id=\"acf7be9\" data-element_type=\"column\" data-e-type=\"column\">\n\t\t\t<div class=\"elementor-widget-wrap elementor-element-populated\">\n\t\t\t\t\t\t<div class=\"elementor-element elementor-element-5ba6c7b elementor-widget elementor-widget-gallery\" data-id=\"5ba6c7b\" data-element_type=\"widget\" data-e-type=\"widget\" data-settings=\"{&quot;gallery_layout&quot;:&quot;masonry&quot;,&quot;columns&quot;:1,&quot;lazyload&quot;:&quot;yes&quot;,&quot;columns_tablet&quot;:2,&quot;columns_mobile&quot;:1,&quot;gap&quot;:{&quot;unit&quot;:&quot;px&quot;,&quot;size&quot;:10,&quot;sizes&quot;:[]},&quot;gap_tablet&quot;:{&quot;unit&quot;:&quot;px&quot;,&quot;size&quot;:10,&quot;sizes&quot;:[]},&quot;gap_mobile&quot;:{&quot;unit&quot;:&quot;px&quot;,&quot;size&quot;:10,&quot;sizes&quot;:[]},&quot;link_to&quot;:&quot;file&quot;,&quot;overlay_background&quot;:&quot;yes&quot;,&quot;content_hover_animation&quot;:&quot;fade-in&quot;}\" data-widget_type=\"gallery.default\">\n\t\t\t\t<div class=\"elementor-widget-container\">\n\t\t\t\t\t\t\t<div class=\"elementor-gallery__container\">\n\t\t\t\t\t\t\t<a class=\"e-gallery-item elementor-gallery-item elementor-animated-content\" href=\"https:\/\/www.pari-geisa.org\/wp-content\/uploads\/2023\/12\/Roundtable_Grundlagenvertrag_Jun2023-scaled-e1702986679629.jpeg\" data-elementor-open-lightbox=\"no\">\n\t\t\t\t\t<div class=\"e-gallery-image elementor-gallery-item__image\" data-thumbnail=\"https:\/\/www.pari-geisa.org\/wp-content\/uploads\/2023\/12\/Roundtable_Grundlagenvertrag_Jun2023-scaled-e1702986679629.jpeg\" data-width=\"2321\" data-height=\"1011\" aria-label=\"\" role=\"img\" ><\/div>\n\t\t\t\t\t\t\t\t\t\t\t<div class=\"elementor-gallery-item__overlay\"><\/div>\n\t\t\t\t\t\t\t\t\t\t\t\t\t\t<\/a>\n\t\t\t\t\t<\/div>\n\t\t\t\t\t<\/div>\n\t\t\t\t<\/div>\n\t\t\t\t\t<\/div>\n\t\t<\/div>\n\t\t\t\t\t<\/div>\n\t\t<\/section>\n\t\t\t\t\t<\/div>\n\t\t<\/div>\n\t\t\t\t\t<\/div>\n\t\t<\/section>\n\t\t\t\t<\/div>","protected":false},"excerpt":{"rendered":"<p>From Ostpolitik to the Russian invasion of Ukraine Public Discussion of the academic conference &#8220;The German-German Basic Treaty 1972\/73: International Context, Consequences, Remembrance&#8221;. The Point Alpha Research Institute (PARI) and the Berliner Kolleg Kalter Krieg (BKKK) are partners of the conference. &nbsp; Geisa Castle, Gangolfi Hall, Geisa, Germany 01 June, 2023 &#8211; 7 p.m. Event [&hellip;]<\/p>\n","protected":false},"author":2,"featured_media":1711,"comment_status":"closed","ping_status":"closed","sticky":false,"template":"","format":"standard","meta":{"site-sidebar-layout":"default","site-content-layout":"","ast-site-content-layout":"default","site-content-style":"default","site-sidebar-style":"default","ast-global-header-display":"","ast-banner-title-visibility":"","ast-main-header-display":"","ast-hfb-above-header-display":"","ast-hfb-below-header-display":"","ast-hfb-mobile-header-display":"","site-post-title":"","ast-breadcrumbs-content":"","ast-featured-img":"","footer-sml-layout":"","ast-disable-related-posts":"","theme-transparent-header-meta":"default","adv-header-id-meta":"","stick-header-meta":"default","header-above-stick-meta":"","header-main-stick-meta":"","header-below-stick-meta":"","astra-migrate-meta-layouts":"set","ast-page-background-enabled":"default","ast-page-background-meta":{"desktop":{"background-color":"var(--ast-global-color-4)","background-image":"","background-repeat":"repeat","background-position":"center center","background-size":"auto","background-attachment":"scroll","background-type":"","background-media":"","overlay-type":"","overlay-color":"","overlay-opacity":"","overlay-gradient":""},"tablet":{"background-color":"","background-image":"","background-repeat":"repeat","background-position":"center center","background-size":"auto","background-attachment":"scroll","background-type":"","background-media":"","overlay-type":"","overlay-color":"","overlay-opacity":"","overlay-gradient":""},"mobile":{"background-color":"","background-image":"","background-repeat":"repeat","background-position":"center center","background-size":"auto","background-attachment":"scroll","background-type":"","background-media":"","overlay-type":"","overlay-color":"","overlay-opacity":"","overlay-gradient":""}},"ast-content-background-meta":{"desktop":{"background-color":"var(--ast-global-color-5)","background-image":"","background-repeat":"repeat","background-position":"center center","background-size":"auto","background-attachment":"scroll","background-type":"","background-media":"","overlay-type":"","overlay-color":"","overlay-opacity":"","overlay-gradient":""},"tablet":{"background-color":"var(--ast-global-color-5)","background-image":"","background-repeat":"repeat","background-position":"center center","background-size":"auto","background-attachment":"scroll","background-type":"","background-media":"","overlay-type":"","overlay-color":"","overlay-opacity":"","overlay-gradient":""},"mobile":{"background-color":"var(--ast-global-color-5)","background-image":"","background-repeat":"repeat","background-position":"center center","background-size":"auto","background-attachment":"scroll","background-type":"","background-media":"","overlay-type":"","overlay-color":"","overlay-opacity":"","overlay-gradient":""}},"footnotes":""},"categories":[8],"tags":[],"class_list":["post-1437","post","type-post","status-publish","format-standard","has-post-thumbnail","hentry","category-events"],"yoast_head":"<!-- This site is optimized with the Yoast SEO plugin v27.5 - https:\/\/yoast.com\/product\/yoast-seo-wordpress\/ -->\n<title>From Ostpolitik to the russian invasion of Ukraine - Point Alpha Institut<\/title>\n<meta name=\"description\" content=\"Public panel event with Brand (Fulda), Prof. Harrison (GWU), Uhl (DHI Moscow), Wiesner, moderated by Gassert and Metzler\" \/>\n<meta name=\"robots\" content=\"index, follow, max-snippet:-1, max-image-preview:large, max-video-preview:-1\" \/>\n<link rel=\"canonical\" href=\"https:\/\/www.pari-geisa.org\/de\/2023\/06\/01\/from-ostpolitik-to-the-russian-invasion-of-ukraine\/\" \/>\n<meta property=\"og:locale\" content=\"de_DE\" \/>\n<meta property=\"og:type\" content=\"article\" \/>\n<meta property=\"og:title\" content=\"From Ostpolitik to the russian invasion of Ukraine - Point Alpha Institut\" \/>\n<meta property=\"og:description\" content=\"Public panel event with Brand (Fulda), Prof. Harrison (GWU), Uhl (DHI Moscow), Wiesner, moderated by Gassert and Metzler\" \/>\n<meta property=\"og:url\" content=\"https:\/\/www.pari-geisa.org\/de\/2023\/06\/01\/from-ostpolitik-to-the-russian-invasion-of-ukraine\/\" \/>\n<meta property=\"og:site_name\" content=\"Point Alpha Institut\" \/>\n<meta property=\"article:published_time\" content=\"2023-06-01T11:09:22+00:00\" \/>\n<meta property=\"article:modified_time\" content=\"2024-05-16T13:55:54+00:00\" \/>\n<meta property=\"og:image\" content=\"https:\/\/www.pari-geisa.org\/wp-content\/uploads\/2024\/05\/ukraine-peace-pexels-egorkomarov--scaled.jpg\" \/>\n\t<meta property=\"og:image:width\" content=\"1919\" \/>\n\t<meta property=\"og:image:height\" content=\"2560\" \/>\n\t<meta property=\"og:image:type\" content=\"image\/jpeg\" \/>\n<meta name=\"author\" content=\"Max Zarnojanczyk\" \/>\n<meta name=\"twitter:card\" content=\"summary_large_image\" \/>\n<meta name=\"twitter:creator\" content=\"@PointAlphaInst\" \/>\n<meta name=\"twitter:site\" content=\"@PointAlphaInst\" \/>\n<meta name=\"twitter:label1\" content=\"Verfasst von\" \/>\n\t<meta name=\"twitter:data1\" content=\"Max Zarnojanczyk\" \/>\n\t<meta name=\"twitter:label2\" content=\"Gesch\u00e4tzte Lesezeit\" \/>\n\t<meta name=\"twitter:data2\" content=\"2\u00a0Minuten\" \/>\n<script type=\"application\/ld+json\" class=\"yoast-schema-graph\">{\"@context\":\"https:\\\/\\\/schema.org\",\"@graph\":[{\"@type\":\"Article\",\"@id\":\"https:\\\/\\\/www.pari-geisa.org\\\/2023\\\/06\\\/01\\\/from-ostpolitik-to-the-russian-invasion-of-ukraine\\\/#article\",\"isPartOf\":{\"@id\":\"https:\\\/\\\/www.pari-geisa.org\\\/2023\\\/06\\\/01\\\/from-ostpolitik-to-the-russian-invasion-of-ukraine\\\/\"},\"author\":{\"name\":\"Max Zarnojanczyk\",\"@id\":\"https:\\\/\\\/www.pari-geisa.org\\\/#\\\/schema\\\/person\\\/636dced1f942d3ce57a182eadef41a0e\"},\"headline\":\"From Ostpolitik to the russian invasion of Ukraine\",\"datePublished\":\"2023-06-01T11:09:22+00:00\",\"dateModified\":\"2024-05-16T13:55:54+00:00\",\"mainEntityOfPage\":{\"@id\":\"https:\\\/\\\/www.pari-geisa.org\\\/2023\\\/06\\\/01\\\/from-ostpolitik-to-the-russian-invasion-of-ukraine\\\/\"},\"wordCount\":316,\"publisher\":{\"@id\":\"https:\\\/\\\/www.pari-geisa.org\\\/#organization\"},\"image\":{\"@id\":\"https:\\\/\\\/www.pari-geisa.org\\\/2023\\\/06\\\/01\\\/from-ostpolitik-to-the-russian-invasion-of-ukraine\\\/#primaryimage\"},\"thumbnailUrl\":\"https:\\\/\\\/www.pari-geisa.org\\\/wp-content\\\/uploads\\\/2024\\\/05\\\/ukraine-peace-pexels-egorkomarov--scaled.jpg\",\"articleSection\":[\"Events\"],\"inLanguage\":\"de\"},{\"@type\":\"WebPage\",\"@id\":\"https:\\\/\\\/www.pari-geisa.org\\\/2023\\\/06\\\/01\\\/from-ostpolitik-to-the-russian-invasion-of-ukraine\\\/\",\"url\":\"https:\\\/\\\/www.pari-geisa.org\\\/2023\\\/06\\\/01\\\/from-ostpolitik-to-the-russian-invasion-of-ukraine\\\/\",\"name\":\"From Ostpolitik to the russian invasion of Ukraine - Point Alpha Institut\",\"isPartOf\":{\"@id\":\"https:\\\/\\\/www.pari-geisa.org\\\/#website\"},\"primaryImageOfPage\":{\"@id\":\"https:\\\/\\\/www.pari-geisa.org\\\/2023\\\/06\\\/01\\\/from-ostpolitik-to-the-russian-invasion-of-ukraine\\\/#primaryimage\"},\"image\":{\"@id\":\"https:\\\/\\\/www.pari-geisa.org\\\/2023\\\/06\\\/01\\\/from-ostpolitik-to-the-russian-invasion-of-ukraine\\\/#primaryimage\"},\"thumbnailUrl\":\"https:\\\/\\\/www.pari-geisa.org\\\/wp-content\\\/uploads\\\/2024\\\/05\\\/ukraine-peace-pexels-egorkomarov--scaled.jpg\",\"datePublished\":\"2023-06-01T11:09:22+00:00\",\"dateModified\":\"2024-05-16T13:55:54+00:00\",\"description\":\"Public panel event with Brand (Fulda), Prof. Harrison (GWU), Uhl (DHI Moscow), Wiesner, moderated by Gassert and Metzler\",\"breadcrumb\":{\"@id\":\"https:\\\/\\\/www.pari-geisa.org\\\/2023\\\/06\\\/01\\\/from-ostpolitik-to-the-russian-invasion-of-ukraine\\\/#breadcrumb\"},\"inLanguage\":\"de\",\"potentialAction\":[{\"@type\":\"ReadAction\",\"target\":[\"https:\\\/\\\/www.pari-geisa.org\\\/2023\\\/06\\\/01\\\/from-ostpolitik-to-the-russian-invasion-of-ukraine\\\/\"]}]},{\"@type\":\"ImageObject\",\"inLanguage\":\"de\",\"@id\":\"https:\\\/\\\/www.pari-geisa.org\\\/2023\\\/06\\\/01\\\/from-ostpolitik-to-the-russian-invasion-of-ukraine\\\/#primaryimage\",\"url\":\"https:\\\/\\\/www.pari-geisa.org\\\/wp-content\\\/uploads\\\/2024\\\/05\\\/ukraine-peace-pexels-egorkomarov--scaled.jpg\",\"contentUrl\":\"https:\\\/\\\/www.pari-geisa.org\\\/wp-content\\\/uploads\\\/2024\\\/05\\\/ukraine-peace-pexels-egorkomarov--scaled.jpg\",\"width\":1919,\"height\":2560},{\"@type\":\"BreadcrumbList\",\"@id\":\"https:\\\/\\\/www.pari-geisa.org\\\/2023\\\/06\\\/01\\\/from-ostpolitik-to-the-russian-invasion-of-ukraine\\\/#breadcrumb\",\"itemListElement\":[{\"@type\":\"ListItem\",\"position\":1,\"name\":\"Startseite\",\"item\":\"https:\\\/\\\/www.pari-geisa.org\\\/\"},{\"@type\":\"ListItem\",\"position\":2,\"name\":\"From Ostpolitik to the russian invasion of Ukraine\"}]},{\"@type\":\"WebSite\",\"@id\":\"https:\\\/\\\/www.pari-geisa.org\\\/#website\",\"url\":\"https:\\\/\\\/www.pari-geisa.org\\\/\",\"name\":\"Point Alpha Institut\",\"description\":\"\",\"publisher\":{\"@id\":\"https:\\\/\\\/www.pari-geisa.org\\\/#organization\"},\"potentialAction\":[{\"@type\":\"SearchAction\",\"target\":{\"@type\":\"EntryPoint\",\"urlTemplate\":\"https:\\\/\\\/www.pari-geisa.org\\\/?s={search_term_string}\"},\"query-input\":{\"@type\":\"PropertyValueSpecification\",\"valueRequired\":true,\"valueName\":\"search_term_string\"}}],\"inLanguage\":\"de\"},{\"@type\":\"Organization\",\"@id\":\"https:\\\/\\\/www.pari-geisa.org\\\/#organization\",\"name\":\"Point Alpha Institut\",\"url\":\"https:\\\/\\\/www.pari-geisa.org\\\/\",\"logo\":{\"@type\":\"ImageObject\",\"inLanguage\":\"de\",\"@id\":\"https:\\\/\\\/www.pari-geisa.org\\\/#\\\/schema\\\/logo\\\/image\\\/\",\"url\":\"https:\\\/\\\/www.pari-geisa.org\\\/wp-content\\\/uploads\\\/2022\\\/11\\\/PARI_Logo_Header_Blau_172px.png\",\"contentUrl\":\"https:\\\/\\\/www.pari-geisa.org\\\/wp-content\\\/uploads\\\/2022\\\/11\\\/PARI_Logo_Header_Blau_172px.png\",\"width\":172,\"height\":72,\"caption\":\"Point Alpha Institut\"},\"image\":{\"@id\":\"https:\\\/\\\/www.pari-geisa.org\\\/#\\\/schema\\\/logo\\\/image\\\/\"},\"sameAs\":[\"https:\\\/\\\/x.com\\\/PointAlphaInst\"]},{\"@type\":\"Person\",\"@id\":\"https:\\\/\\\/www.pari-geisa.org\\\/#\\\/schema\\\/person\\\/636dced1f942d3ce57a182eadef41a0e\",\"name\":\"Max Zarnojanczyk\",\"image\":{\"@type\":\"ImageObject\",\"inLanguage\":\"de\",\"@id\":\"https:\\\/\\\/secure.gravatar.com\\\/avatar\\\/34074f5d9ad2fe286b465f896857f5ebecc318d0b5a1a9042fb0f3b33277782f?s=96&r=g\",\"url\":\"https:\\\/\\\/secure.gravatar.com\\\/avatar\\\/34074f5d9ad2fe286b465f896857f5ebecc318d0b5a1a9042fb0f3b33277782f?s=96&r=g\",\"contentUrl\":\"https:\\\/\\\/secure.gravatar.com\\\/avatar\\\/34074f5d9ad2fe286b465f896857f5ebecc318d0b5a1a9042fb0f3b33277782f?s=96&r=g\",\"caption\":\"Max Zarnojanczyk\"},\"url\":\"https:\\\/\\\/www.pari-geisa.org\\\/de\\\/author\\\/zarnojanczyk\\\/\"}]}<\/script>\n<!-- \/ Yoast SEO plugin. -->","yoast_head_json":{"title":"From Ostpolitik to the russian invasion of Ukraine - Point Alpha Institut","description":"Public panel event with Brand (Fulda), Prof. Harrison (GWU), Uhl (DHI Moscow), Wiesner, moderated by Gassert and Metzler","robots":{"index":"index","follow":"follow","max-snippet":"max-snippet:-1","max-image-preview":"max-image-preview:large","max-video-preview":"max-video-preview:-1"},"canonical":"https:\/\/www.pari-geisa.org\/de\/2023\/06\/01\/from-ostpolitik-to-the-russian-invasion-of-ukraine\/","og_locale":"de_DE","og_type":"article","og_title":"From Ostpolitik to the russian invasion of Ukraine - Point Alpha Institut","og_description":"Public panel event with Brand (Fulda), Prof. Harrison (GWU), Uhl (DHI Moscow), Wiesner, moderated by Gassert and Metzler","og_url":"https:\/\/www.pari-geisa.org\/de\/2023\/06\/01\/from-ostpolitik-to-the-russian-invasion-of-ukraine\/","og_site_name":"Point Alpha Institut","article_published_time":"2023-06-01T11:09:22+00:00","article_modified_time":"2024-05-16T13:55:54+00:00","og_image":[{"width":1919,"height":2560,"url":"https:\/\/www.pari-geisa.org\/wp-content\/uploads\/2024\/05\/ukraine-peace-pexels-egorkomarov--scaled.jpg","type":"image\/jpeg"}],"author":"Max Zarnojanczyk","twitter_card":"summary_large_image","twitter_creator":"@PointAlphaInst","twitter_site":"@PointAlphaInst","twitter_misc":{"Verfasst von":"Max Zarnojanczyk","Gesch\u00e4tzte Lesezeit":"2\u00a0Minuten"},"schema":{"@context":"https:\/\/schema.org","@graph":[{"@type":"Article","@id":"https:\/\/www.pari-geisa.org\/2023\/06\/01\/from-ostpolitik-to-the-russian-invasion-of-ukraine\/#article","isPartOf":{"@id":"https:\/\/www.pari-geisa.org\/2023\/06\/01\/from-ostpolitik-to-the-russian-invasion-of-ukraine\/"},"author":{"name":"Max Zarnojanczyk","@id":"https:\/\/www.pari-geisa.org\/#\/schema\/person\/636dced1f942d3ce57a182eadef41a0e"},"headline":"From Ostpolitik to the russian invasion of Ukraine","datePublished":"2023-06-01T11:09:22+00:00","dateModified":"2024-05-16T13:55:54+00:00","mainEntityOfPage":{"@id":"https:\/\/www.pari-geisa.org\/2023\/06\/01\/from-ostpolitik-to-the-russian-invasion-of-ukraine\/"},"wordCount":316,"publisher":{"@id":"https:\/\/www.pari-geisa.org\/#organization"},"image":{"@id":"https:\/\/www.pari-geisa.org\/2023\/06\/01\/from-ostpolitik-to-the-russian-invasion-of-ukraine\/#primaryimage"},"thumbnailUrl":"https:\/\/www.pari-geisa.org\/wp-content\/uploads\/2024\/05\/ukraine-peace-pexels-egorkomarov--scaled.jpg","articleSection":["Events"],"inLanguage":"de"},{"@type":"WebPage","@id":"https:\/\/www.pari-geisa.org\/2023\/06\/01\/from-ostpolitik-to-the-russian-invasion-of-ukraine\/","url":"https:\/\/www.pari-geisa.org\/2023\/06\/01\/from-ostpolitik-to-the-russian-invasion-of-ukraine\/","name":"From Ostpolitik to the russian invasion of Ukraine - Point Alpha Institut","isPartOf":{"@id":"https:\/\/www.pari-geisa.org\/#website"},"primaryImageOfPage":{"@id":"https:\/\/www.pari-geisa.org\/2023\/06\/01\/from-ostpolitik-to-the-russian-invasion-of-ukraine\/#primaryimage"},"image":{"@id":"https:\/\/www.pari-geisa.org\/2023\/06\/01\/from-ostpolitik-to-the-russian-invasion-of-ukraine\/#primaryimage"},"thumbnailUrl":"https:\/\/www.pari-geisa.org\/wp-content\/uploads\/2024\/05\/ukraine-peace-pexels-egorkomarov--scaled.jpg","datePublished":"2023-06-01T11:09:22+00:00","dateModified":"2024-05-16T13:55:54+00:00","description":"Public panel event with Brand (Fulda), Prof. Harrison (GWU), Uhl (DHI Moscow), Wiesner, moderated by Gassert and Metzler","breadcrumb":{"@id":"https:\/\/www.pari-geisa.org\/2023\/06\/01\/from-ostpolitik-to-the-russian-invasion-of-ukraine\/#breadcrumb"},"inLanguage":"de","potentialAction":[{"@type":"ReadAction","target":["https:\/\/www.pari-geisa.org\/2023\/06\/01\/from-ostpolitik-to-the-russian-invasion-of-ukraine\/"]}]},{"@type":"ImageObject","inLanguage":"de","@id":"https:\/\/www.pari-geisa.org\/2023\/06\/01\/from-ostpolitik-to-the-russian-invasion-of-ukraine\/#primaryimage","url":"https:\/\/www.pari-geisa.org\/wp-content\/uploads\/2024\/05\/ukraine-peace-pexels-egorkomarov--scaled.jpg","contentUrl":"https:\/\/www.pari-geisa.org\/wp-content\/uploads\/2024\/05\/ukraine-peace-pexels-egorkomarov--scaled.jpg","width":1919,"height":2560},{"@type":"BreadcrumbList","@id":"https:\/\/www.pari-geisa.org\/2023\/06\/01\/from-ostpolitik-to-the-russian-invasion-of-ukraine\/#breadcrumb","itemListElement":[{"@type":"ListItem","position":1,"name":"Startseite","item":"https:\/\/www.pari-geisa.org\/"},{"@type":"ListItem","position":2,"name":"From Ostpolitik to the russian invasion of Ukraine"}]},{"@type":"WebSite","@id":"https:\/\/www.pari-geisa.org\/#website","url":"https:\/\/www.pari-geisa.org\/","name":"Point Alpha Institut","description":"","publisher":{"@id":"https:\/\/www.pari-geisa.org\/#organization"},"potentialAction":[{"@type":"SearchAction","target":{"@type":"EntryPoint","urlTemplate":"https:\/\/www.pari-geisa.org\/?s={search_term_string}"},"query-input":{"@type":"PropertyValueSpecification","valueRequired":true,"valueName":"search_term_string"}}],"inLanguage":"de"},{"@type":"Organization","@id":"https:\/\/www.pari-geisa.org\/#organization","name":"Point Alpha Institut","url":"https:\/\/www.pari-geisa.org\/","logo":{"@type":"ImageObject","inLanguage":"de","@id":"https:\/\/www.pari-geisa.org\/#\/schema\/logo\/image\/","url":"https:\/\/www.pari-geisa.org\/wp-content\/uploads\/2022\/11\/PARI_Logo_Header_Blau_172px.png","contentUrl":"https:\/\/www.pari-geisa.org\/wp-content\/uploads\/2022\/11\/PARI_Logo_Header_Blau_172px.png","width":172,"height":72,"caption":"Point Alpha Institut"},"image":{"@id":"https:\/\/www.pari-geisa.org\/#\/schema\/logo\/image\/"},"sameAs":["https:\/\/x.com\/PointAlphaInst"]},{"@type":"Person","@id":"https:\/\/www.pari-geisa.org\/#\/schema\/person\/636dced1f942d3ce57a182eadef41a0e","name":"Max Zarnojanczyk","image":{"@type":"ImageObject","inLanguage":"de","@id":"https:\/\/secure.gravatar.com\/avatar\/34074f5d9ad2fe286b465f896857f5ebecc318d0b5a1a9042fb0f3b33277782f?s=96&r=g","url":"https:\/\/secure.gravatar.com\/avatar\/34074f5d9ad2fe286b465f896857f5ebecc318d0b5a1a9042fb0f3b33277782f?s=96&r=g","contentUrl":"https:\/\/secure.gravatar.com\/avatar\/34074f5d9ad2fe286b465f896857f5ebecc318d0b5a1a9042fb0f3b33277782f?s=96&r=g","caption":"Max Zarnojanczyk"},"url":"https:\/\/www.pari-geisa.org\/de\/author\/zarnojanczyk\/"}]}},"_links":{"self":[{"href":"https:\/\/www.pari-geisa.org\/de\/wp-json\/wp\/v2\/posts\/1437","targetHints":{"allow":["GET"]}}],"collection":[{"href":"https:\/\/www.pari-geisa.org\/de\/wp-json\/wp\/v2\/posts"}],"about":[{"href":"https:\/\/www.pari-geisa.org\/de\/wp-json\/wp\/v2\/types\/post"}],"author":[{"embeddable":true,"href":"https:\/\/www.pari-geisa.org\/de\/wp-json\/wp\/v2\/users\/2"}],"replies":[{"embeddable":true,"href":"https:\/\/www.pari-geisa.org\/de\/wp-json\/wp\/v2\/comments?post=1437"}],"version-history":[{"count":10,"href":"https:\/\/www.pari-geisa.org\/de\/wp-json\/wp\/v2\/posts\/1437\/revisions"}],"predecessor-version":[{"id":1712,"href":"https:\/\/www.pari-geisa.org\/de\/wp-json\/wp\/v2\/posts\/1437\/revisions\/1712"}],"wp:featuredmedia":[{"embeddable":true,"href":"https:\/\/www.pari-geisa.org\/de\/wp-json\/wp\/v2\/media\/1711"}],"wp:attachment":[{"href":"https:\/\/www.pari-geisa.org\/de\/wp-json\/wp\/v2\/media?parent=1437"}],"wp:term":[{"taxonomy":"category","embeddable":true,"href":"https:\/\/www.pari-geisa.org\/de\/wp-json\/wp\/v2\/categories?post=1437"},{"taxonomy":"post_tag","embeddable":true,"href":"https:\/\/www.pari-geisa.org\/de\/wp-json\/wp\/v2\/tags?post=1437"}],"curies":[{"name":"wp","href":"https:\/\/api.w.org\/{rel}","templated":true}]}}