{"id":2298,"date":"2025-02-15T17:56:02","date_gmt":"2025-02-15T16:56:02","guid":{"rendered":"https:\/\/www.pari-geisa.org\/?p=2298"},"modified":"2025-02-16T12:16:33","modified_gmt":"2025-02-16T11:16:33","slug":"showcase-past-events-pari-2024-2","status":"publish","type":"post","link":"https:\/\/www.pari-geisa.org\/de\/2025\/02\/15\/showcase-past-events-pari-2024-2\/","title":{"rendered":"Showcase PARI Events 2024"},"content":{"rendered":"<div data-elementor-type=\"wp-post\" data-elementor-id=\"2298\" class=\"elementor elementor-2298\" data-elementor-settings=\"{&quot;element_pack_global_tooltip_width&quot;:{&quot;unit&quot;:&quot;px&quot;,&quot;size&quot;:&quot;&quot;,&quot;sizes&quot;:[]},&quot;element_pack_global_tooltip_width_tablet&quot;:{&quot;unit&quot;:&quot;px&quot;,&quot;size&quot;:&quot;&quot;,&quot;sizes&quot;:[]},&quot;element_pack_global_tooltip_width_mobile&quot;:{&quot;unit&quot;:&quot;px&quot;,&quot;size&quot;:&quot;&quot;,&quot;sizes&quot;:[]},&quot;element_pack_global_tooltip_padding&quot;:{&quot;unit&quot;:&quot;px&quot;,&quot;top&quot;:&quot;&quot;,&quot;right&quot;:&quot;&quot;,&quot;bottom&quot;:&quot;&quot;,&quot;left&quot;:&quot;&quot;,&quot;isLinked&quot;:true},&quot;element_pack_global_tooltip_padding_tablet&quot;:{&quot;unit&quot;:&quot;px&quot;,&quot;top&quot;:&quot;&quot;,&quot;right&quot;:&quot;&quot;,&quot;bottom&quot;:&quot;&quot;,&quot;left&quot;:&quot;&quot;,&quot;isLinked&quot;:true},&quot;element_pack_global_tooltip_padding_mobile&quot;:{&quot;unit&quot;:&quot;px&quot;,&quot;top&quot;:&quot;&quot;,&quot;right&quot;:&quot;&quot;,&quot;bottom&quot;:&quot;&quot;,&quot;left&quot;:&quot;&quot;,&quot;isLinked&quot;:true},&quot;element_pack_global_tooltip_border_radius&quot;:{&quot;unit&quot;:&quot;px&quot;,&quot;top&quot;:&quot;&quot;,&quot;right&quot;:&quot;&quot;,&quot;bottom&quot;:&quot;&quot;,&quot;left&quot;:&quot;&quot;,&quot;isLinked&quot;:true},&quot;element_pack_global_tooltip_border_radius_tablet&quot;:{&quot;unit&quot;:&quot;px&quot;,&quot;top&quot;:&quot;&quot;,&quot;right&quot;:&quot;&quot;,&quot;bottom&quot;:&quot;&quot;,&quot;left&quot;:&quot;&quot;,&quot;isLinked&quot;:true},&quot;element_pack_global_tooltip_border_radius_mobile&quot;:{&quot;unit&quot;:&quot;px&quot;,&quot;top&quot;:&quot;&quot;,&quot;right&quot;:&quot;&quot;,&quot;bottom&quot;:&quot;&quot;,&quot;left&quot;:&quot;&quot;,&quot;isLinked&quot;:true}}\" data-elementor-post-type=\"post\">\n\t\t\t\t\t\t<section class=\"elementor-section elementor-top-section elementor-element elementor-element-43e21d6 elementor-section-boxed elementor-section-height-default elementor-section-height-default\" data-id=\"43e21d6\" data-element_type=\"section\" data-e-type=\"section\">\n\t\t\t\t\t\t<div class=\"elementor-container elementor-column-gap-default\">\n\t\t\t\t\t<div class=\"elementor-column elementor-col-100 elementor-top-column elementor-element elementor-element-2e0a8ed\" data-id=\"2e0a8ed\" data-element_type=\"column\" data-e-type=\"column\">\n\t\t\t<div class=\"elementor-widget-wrap elementor-element-populated\">\n\t\t\t\t\t\t<div class=\"elementor-element elementor-element-1b0a2b2 elementor-widget elementor-widget-heading\" data-id=\"1b0a2b2\" data-element_type=\"widget\" data-e-type=\"widget\" data-widget_type=\"heading.default\">\n\t\t\t\t<div class=\"elementor-widget-container\">\n\t\t\t\t\t<h2 class=\"elementor-heading-title elementor-size-default\">R\u00fcckblick<\/h2>\t\t\t\t<\/div>\n\t\t\t\t<\/div>\n\t\t\t\t<div class=\"elementor-element elementor-element-0785d98 elementor-widget elementor-widget-text-editor\" data-id=\"0785d98\" data-element_type=\"widget\" data-e-type=\"widget\" data-widget_type=\"text-editor.default\">\n\t\t\t\t<div class=\"elementor-widget-container\">\n\t\t\t\t\t\t\t\t\t<p>A look back at a year of intensive research and discussions: Point Alpha Research Institute in 2024<\/p>\t\t\t\t\t\t\t\t<\/div>\n\t\t\t\t<\/div>\n\t\t\t\t<section class=\"elementor-section elementor-inner-section elementor-element elementor-element-4fef60c elementor-section-boxed elementor-section-height-default elementor-section-height-default\" data-id=\"4fef60c\" data-element_type=\"section\" data-e-type=\"section\">\n\t\t\t\t\t\t<div class=\"elementor-container elementor-column-gap-default\">\n\t\t\t\t\t<div class=\"elementor-column elementor-col-50 elementor-inner-column elementor-element elementor-element-0e69068\" data-id=\"0e69068\" data-element_type=\"column\" data-e-type=\"column\">\n\t\t\t<div class=\"elementor-widget-wrap elementor-element-populated\">\n\t\t\t\t\t\t<div class=\"elementor-element elementor-element-e5704be elementor-icon-list--layout-traditional elementor-list-item-link-full_width elementor-widget elementor-widget-icon-list\" data-id=\"e5704be\" data-element_type=\"widget\" data-e-type=\"widget\" data-widget_type=\"icon-list.default\">\n\t\t\t\t<div class=\"elementor-widget-container\">\n\t\t\t\t\t\t\t<ul class=\"elementor-icon-list-items\">\n\t\t\t\t\t\t\t<li class=\"elementor-icon-list-item\">\n\t\t\t\t\t\t\t\t\t\t\t<a href=\"https:\/\/www.pari-geisa.org\/wp-content\/uploads\/2025\/02\/Past-Events-2024.pdf\">\n\n\t\t\t\t\t\t\t\t\t\t\t\t<span class=\"elementor-icon-list-icon\">\n\t\t\t\t\t\t\t<i aria-hidden=\"true\" class=\"far fa-file-pdf\"><\/i>\t\t\t\t\t\t<\/span>\n\t\t\t\t\t\t\t\t\t\t<span class=\"elementor-icon-list-text\">Veranstaltungs\u00fcbersicht<\/span>\n\t\t\t\t\t\t\t\t\t\t\t<\/a>\n\t\t\t\t\t\t\t\t\t<\/li>\n\t\t\t\t\t\t<\/ul>\n\t\t\t\t\t\t<\/div>\n\t\t\t\t<\/div>\n\t\t\t\t<div class=\"elementor-element elementor-element-9f7322d elementor-widget elementor-widget-text-editor\" data-id=\"9f7322d\" data-element_type=\"widget\" data-e-type=\"widget\" data-widget_type=\"text-editor.default\">\n\t\t\t\t<div class=\"elementor-widget-container\">\n\t\t\t\t\t\t\t\t\t<p>Im Jahr 2024 boten unsere Veranstaltungen eine Plattform f\u00fcr kritische Diskussionen \u00fcber Demokratie, Migration, europ\u00e4ische Identit\u00e4t und historische Perspektiven. Kooperationen mit renommierten Universit\u00e4ten und Wissenschaftler\/innen bereicherten die Debatten und f\u00fchrten zu bedeutungsvollen akademischen Austausch. Der Erfolg des Emerging Scholars-Programms f\u00f6rderte junge akademische Stimmen, w\u00e4hrend internationale Symposiums grenz\u00fcberschreitende Partnerschaften st\u00e4rkten.<\/p>\t\t\t\t\t\t\t\t<\/div>\n\t\t\t\t<\/div>\n\t\t\t\t<div class=\"elementor-element elementor-element-b8a7510 elementor-widget elementor-widget-text-editor\" data-id=\"b8a7510\" data-element_type=\"widget\" data-e-type=\"widget\" data-widget_type=\"text-editor.default\">\n\t\t\t\t<div class=\"elementor-widget-container\">\n\t\t\t\t\t\t\t\t\t<p><strong>Positive Auswirkung<\/strong><\/p>\t\t\t\t\t\t\t\t<\/div>\n\t\t\t\t<\/div>\n\t\t\t\t<div class=\"elementor-element elementor-element-30cc578 elementor-widget elementor-widget-text-editor\" data-id=\"30cc578\" data-element_type=\"widget\" data-e-type=\"widget\" data-widget_type=\"text-editor.default\">\n\t\t\t\t<div class=\"elementor-widget-container\">\n\t\t\t\t\t\t\t\t\t<p>Das vergangene Jahr war gepr\u00e4gt von einer beeindruckenden Vielfalt an Veranstaltungen, die den Wissensaustausch zwischen Expert\/innen, Studierenden und politischen Entscheidungstr\u00e4gern f\u00f6rderten, zu umsetzbaren Erkenntnissen f\u00fchrten und den interdisziplin\u00e4ren Dialog verst\u00e4rkten. Die \u00f6ffentliche Teilnahme stieg deutlich an, was das wachsende Interesse an zeitgen\u00f6ssischen politischen und historischen Themen widerspiegelt.<\/p><p>Die Buchvorstellungen, wie \u201eCollapse, Crisis, or Resilience? Democracy in the 21st Century\u201c und \u201ePoliticisation, Democratisation and EU Identity\u201c, f\u00f6rderten tiefgehende Diskussionen \u00fcber die Entwicklung der Demokratie. Workshops wie \u201eEmerging Scholars\u201c und \u201eGerman and Polish Perspectives on Migration, Refugee, and Border Policy in Europe\u201c boten wesentliche Foren f\u00fcr den interdisziplin\u00e4ren Dialog.<\/p><p>Zus\u00e4tzlich brachten die \u00f6ffentlichen Diskussionsveranstaltungen, wie die \u201eGeisa Gespr\u00e4che\u201c und Masterseminare zur Geschichte des Kalten Krieges, wie \u201eDie innerdeutsche Grenze\u201c, Forscher\/innen, Studierende, B\u00fcrger\/innen und politische Entscheidungstr\u00e4ger zusammen, um zentrale historische und zeitgen\u00f6ssische Themen zu analysieren. Kooperationen mit Institutionen wie der Universit\u00e4t Erfurt, der Hochschule Fulda, der TU Darmstadt und internationalen Partnern st\u00e4rkten Forschungsnetzwerke und akademische Austausche.<\/p>\t\t\t\t\t\t\t\t<\/div>\n\t\t\t\t<\/div>\n\t\t\t\t<div class=\"elementor-element elementor-element-88d852f elementor-widget elementor-widget-text-editor\" data-id=\"88d852f\" data-element_type=\"widget\" data-e-type=\"widget\" data-widget_type=\"text-editor.default\">\n\t\t\t\t<div class=\"elementor-widget-container\">\n\t\t\t\t\t\t\t\t\t<p><strong>Herausforderungen<\/strong><\/p>\t\t\t\t\t\t\t\t<\/div>\n\t\t\t\t<\/div>\n\t\t\t\t<div class=\"elementor-element elementor-element-3972d0a elementor-widget elementor-widget-text-editor\" data-id=\"3972d0a\" data-element_type=\"widget\" data-e-type=\"widget\" data-widget_type=\"text-editor.default\">\n\t\t\t\t<div class=\"elementor-widget-container\">\n\t\t\t\t\t\t\t\t\t<p>Trotz der im vergangenen Jahr erzielten Fortschritte steht der Forschungsbereich des Point Alpha Research Institute weiterhin vor gro\u00dfen Herausforderungen. Eine der wichtigsten Herausforderungen besteht darin, mit der rasanten Entwicklung der globalen politischen Landschaften Schritt zu halten. St\u00e4ndig wechselnde geopolitische Verh\u00e4ltnisse, technologische Fortschritte und gesellschaftliche Umw\u00e4lzungen erfordern eine kontinuierliche Anpassung der Forschungsans\u00e4tze und -methoden. Auch die zunehmenden Beschr\u00e4nkungen des internationalen Ideen- und Wissensaustauschs stellen eine H\u00fcrde dar, die es zu \u00fcberwinden gilt. Das Institut steht vor der Aufgabe, innovative Wege zu finden, um den interdisziplin\u00e4ren Dialog aufrechtzuerhalten und gleichzeitig den Anforderungen einer sich ver\u00e4ndernden Welt gerecht zu werden. Die kommenden Jahre bieten die M\u00f6glichkeit, sich diesen Herausforderungen zu stellen und neue Perspektiven zu entwickeln, um die Forschung auf dem Gebiet der Demokratie-, Konflikt- und Grenzforschung weiter voranzutreiben. Nur durch eine kontinuierliche und mutige Auseinandersetzung mit diesen Herausforderungen k\u00f6nnen wir eine umfassende und relevante Forschung gew\u00e4hrleisten, die einen nachhaltigen Einfluss auf die Gestaltung unserer globalen Zukunft hat.<\/p>\t\t\t\t\t\t\t\t<\/div>\n\t\t\t\t<\/div>\n\t\t\t\t<div class=\"elementor-element elementor-element-2f0c2b9 elementor-widget elementor-widget-heading\" data-id=\"2f0c2b9\" data-element_type=\"widget\" data-e-type=\"widget\" data-widget_type=\"heading.default\">\n\t\t\t\t<div class=\"elementor-widget-container\">\n\t\t\t\t\t<h4 class=\"elementor-heading-title elementor-size-default\">Liste der Veranstaltungen<\/h4>\t\t\t\t<\/div>\n\t\t\t\t<\/div>\n\t\t\t\t<div class=\"elementor-element elementor-element-91df5eb elementor-align-start elementor-icon-list--layout-traditional elementor-list-item-link-full_width elementor-widget elementor-widget-icon-list\" data-id=\"91df5eb\" data-element_type=\"widget\" data-e-type=\"widget\" data-widget_type=\"icon-list.default\">\n\t\t\t\t<div class=\"elementor-widget-container\">\n\t\t\t\t\t\t\t<ul class=\"elementor-icon-list-items\">\n\t\t\t\t\t\t\t<li class=\"elementor-icon-list-item\">\n\t\t\t\t\t\t\t\t\t\t\t<a href=\"https:\/\/www.pari-geisa.org\/de\/2024\/02\/10\/collapse-crisis-or-resilience-democracy-in-the-21st-century\/\">\n\n\t\t\t\t\t\t\t\t\t\t\t\t<span class=\"elementor-icon-list-icon\">\n\t\t\t\t\t\t\t<i aria-hidden=\"true\" class=\"far fa-dot-circle\"><\/i>\t\t\t\t\t\t<\/span>\n\t\t\t\t\t\t\t\t\t\t<span class=\"elementor-icon-list-text\">Buchvorstellung \u201eCollapse, crisis or resilience? Democracy in the 21st century\u201d im Rahmen der Vortragsreihe \u201cEurope in the World\u201d mit dem Fulda Centre of Transnational Governance von Wolfgang Merkel (u.a. Emeritus Wissenschaftszentrum Berlin) und Veith Selk (TU Darmstadt) mit anschlie\u00dfender Diskussion in Fulda<\/span>\n\t\t\t\t\t\t\t\t\t\t\t<\/a>\n\t\t\t\t\t\t\t\t\t<\/li>\n\t\t\t\t\t\t\t\t<li class=\"elementor-icon-list-item\">\n\t\t\t\t\t\t\t\t\t\t\t<span class=\"elementor-icon-list-icon\">\n\t\t\t\t\t\t\t<i aria-hidden=\"true\" class=\"far fa-dot-circle\"><\/i>\t\t\t\t\t\t<\/span>\n\t\t\t\t\t\t\t\t\t\t<span class=\"elementor-icon-list-text\">Master Class \u201cBorders in\/and Biographies\u201d von Christine Domke und Matthias Klemm (HS Fulda) in Geisa<\/span>\n\t\t\t\t\t\t\t\t\t<\/li>\n\t\t\t\t\t\t\t\t<li class=\"elementor-icon-list-item\">\n\t\t\t\t\t\t\t\t\t\t\t<span class=\"elementor-icon-list-icon\">\n\t\t\t\t\t\t\t<i aria-hidden=\"true\" class=\"far fa-dot-circle\"><\/i>\t\t\t\t\t\t<\/span>\n\t\t\t\t\t\t\t\t\t\t<span class=\"elementor-icon-list-text\">Szenische Lesung \u201eZerrissene Welten - Kaleidoskop der Erinnerungen\u201d mit Franziska Jacobi and Agn\u00e8s Arp (Uni Erfurt) in Geisa<\/span>\n\t\t\t\t\t\t\t\t\t<\/li>\n\t\t\t\t\t\t\t\t<li class=\"elementor-icon-list-item\">\n\t\t\t\t\t\t\t\t\t\t\t<a href=\"https:\/\/www.pari-geisa.org\/de\/2024\/05\/22\/book-presentation-politicisation-democratisation-and-eu-identity\/\">\n\n\t\t\t\t\t\t\t\t\t\t\t\t<span class=\"elementor-icon-list-icon\">\n\t\t\t\t\t\t\t<i aria-hidden=\"true\" class=\"far fa-dot-circle\"><\/i>\t\t\t\t\t\t<\/span>\n\t\t\t\t\t\t\t\t\t\t<span class=\"elementor-icon-list-text\">Buchvorstellung \u201ePolitisierung, Demokratisierung und EU-Identit\u00e4t. Nationale EU-Diskurse in Deutschland und Frankreich\u201d von Claudia Wiesner mit anschlie\u00dfender Diskussion in Fulda<\/span>\n\t\t\t\t\t\t\t\t\t\t\t<\/a>\n\t\t\t\t\t\t\t\t\t<\/li>\n\t\t\t\t\t\t\t\t<li class=\"elementor-icon-list-item\">\n\t\t\t\t\t\t\t\t\t\t\t<span class=\"elementor-icon-list-icon\">\n\t\t\t\t\t\t\t<i aria-hidden=\"true\" class=\"far fa-dot-circle\"><\/i>\t\t\t\t\t\t<\/span>\n\t\t\t\t\t\t\t\t\t\t<span class=\"elementor-icon-list-text\">Emerging Scholars Workshop in Erfurt in Kooperation mit der HS Fulda, der Uni Erfurt und der Uni Mannheim<\/span>\n\t\t\t\t\t\t\t\t\t<\/li>\n\t\t\t\t\t\t\t\t<li class=\"elementor-icon-list-item\">\n\t\t\t\t\t\t\t\t\t\t\t<span class=\"elementor-icon-list-icon\">\n\t\t\t\t\t\t\t<i aria-hidden=\"true\" class=\"far fa-dot-circle\"><\/i>\t\t\t\t\t\t<\/span>\n\t\t\t\t\t\t\t\t\t\t<span class=\"elementor-icon-list-text\">Internationaler Workshop \u201eDeutsche und Polnische Perspektiven auf Migrations-, Fl\u00fcchtlings- und Grenzpolitik in Europa\u201c mit Agnieszka Satola (HS Fulda) in Fulda<\/span>\n\t\t\t\t\t\t\t\t\t<\/li>\n\t\t\t\t\t\t\t\t<li class=\"elementor-icon-list-item\">\n\t\t\t\t\t\t\t\t\t\t\t<span class=\"elementor-icon-list-icon\">\n\t\t\t\t\t\t\t<i aria-hidden=\"true\" class=\"far fa-dot-circle\"><\/i>\t\t\t\t\t\t<\/span>\n\t\t\t\t\t\t\t\t\t\t<span class=\"elementor-icon-list-text\">Master Class 'The Inner-German Border: Political, Technical, and Cultural Historical Perspectives' by Reinhild Kreis (University of Siegen) in Geisa<\/span>\n\t\t\t\t\t\t\t\t\t<\/li>\n\t\t\t\t\t\t\t\t<li class=\"elementor-icon-list-item\">\n\t\t\t\t\t\t\t\t\t\t\t<a href=\"https:\/\/www.pari-geisa.org\/de\/2024\/09\/05\/international-workshop-from-cold-world-liberalism-to-postliberalism\/\">\n\n\t\t\t\t\t\t\t\t\t\t\t\t<span class=\"elementor-icon-list-icon\">\n\t\t\t\t\t\t\t<i aria-hidden=\"true\" class=\"far fa-dot-circle\"><\/i>\t\t\t\t\t\t<\/span>\n\t\t\t\t\t\t\t\t\t\t<span class=\"elementor-icon-list-text\">Internationales Symposium \u201eFrom Cold War Liberalism to Postliberalism\u201d in Kooperation mit Veith Selk und Julian Nicolai Hofman (TU Darmstadt) in Geisa<\/span>\n\t\t\t\t\t\t\t\t\t\t\t<\/a>\n\t\t\t\t\t\t\t\t\t<\/li>\n\t\t\t\t\t\t\t\t<li class=\"elementor-icon-list-item\">\n\t\t\t\t\t\t\t\t\t\t\t<span class=\"elementor-icon-list-icon\">\n\t\t\t\t\t\t\t<i aria-hidden=\"true\" class=\"far fa-dot-circle\"><\/i>\t\t\t\t\t\t<\/span>\n\t\t\t\t\t\t\t\t\t\t<span class=\"elementor-icon-list-text\">Master Class \u201eDie innerdeutsche Grenze. Politik-, technik- und kulturgeschichtliche Perspektiven\u201c von Reinhild Kreis (Uni Siegen) in Geisa<\/span>\n\t\t\t\t\t\t\t\t\t<\/li>\n\t\t\t\t\t\t\t\t<li class=\"elementor-icon-list-item\">\n\t\t\t\t\t\t\t\t\t\t\t<a href=\"https:\/\/www.pari-geisa.org\/de\/2024\/11\/10\/panel-discussion-35-years-of-peaceful-revolution-visions-of-future-democracy-with-minister-of-state-carsten-schneider-federal-government-commissioner-for-the-east\/\">\n\n\t\t\t\t\t\t\t\t\t\t\t\t<span class=\"elementor-icon-list-icon\">\n\t\t\t\t\t\t\t<i aria-hidden=\"true\" class=\"far fa-dot-circle\"><\/i>\t\t\t\t\t\t<\/span>\n\t\t\t\t\t\t\t\t\t\t<span class=\"elementor-icon-list-text\">Podiumsdiskussion \u201e35 Jahre Friedliche Revolution \u2013 Visionen k\u00fcnftiger Demokratie\u201c mit Staatsminister Carsten Schneider, Ostbeauftragter der Bundesregierung<\/span>\n\t\t\t\t\t\t\t\t\t\t\t<\/a>\n\t\t\t\t\t\t\t\t\t<\/li>\n\t\t\t\t\t\t\t\t<li class=\"elementor-icon-list-item\">\n\t\t\t\t\t\t\t\t\t\t\t<a href=\"https:\/\/www.pari-geisa.org\/de\/2024\/10\/21\/buchvorstellung-die-ddr-nach-der-ddr-ostdeutsche-lebenswege\/\">\n\n\t\t\t\t\t\t\t\t\t\t\t\t<span class=\"elementor-icon-list-icon\">\n\t\t\t\t\t\t\t<i aria-hidden=\"true\" class=\"far fa-dot-circle\"><\/i>\t\t\t\t\t\t<\/span>\n\t\t\t\t\t\t\t\t\t\t<span class=\"elementor-icon-list-text\">Buchvorstellung \u201eDie DDR nach der DDR. Ostdeutsche Lebenswege\u201c von Agn\u00e8s Arp (Uni Erfurt) in Erfurt<\/span>\n\t\t\t\t\t\t\t\t\t\t\t<\/a>\n\t\t\t\t\t\t\t\t\t<\/li>\n\t\t\t\t\t\t\t\t<li class=\"elementor-icon-list-item\">\n\t\t\t\t\t\t\t\t\t\t\t<span class=\"elementor-icon-list-icon\">\n\t\t\t\t\t\t\t<i aria-hidden=\"true\" class=\"far fa-dot-circle\"><\/i>\t\t\t\t\t\t<\/span>\n\t\t\t\t\t\t\t\t\t\t<span class=\"elementor-icon-list-text\">Emerging Scholars Workshop in Erfurt in Kooperation mit der HS Fulda, der Uni Erfurt und der Uni Mannheim<\/span>\n\t\t\t\t\t\t\t\t\t<\/li>\n\t\t\t\t\t\t\t\t<li class=\"elementor-icon-list-item\">\n\t\t\t\t\t\t\t\t\t\t\t<span class=\"elementor-icon-list-icon\">\n\t\t\t\t\t\t\t<i aria-hidden=\"true\" class=\"far fa-dot-circle\"><\/i>\t\t\t\t\t\t<\/span>\n\t\t\t\t\t\t\t\t\t\t<span class=\"elementor-icon-list-text\">Geisa Gespr\u00e4ch \u201eAtomare Kindheit\u201c mit Joachim Brenner (Uni Heidelberg) in Kooperation mit der Point Alpha Stiftung in Geisa<\/span>\n\t\t\t\t\t\t\t\t\t<\/li>\n\t\t\t\t\t\t\t\t<li class=\"elementor-icon-list-item\">\n\t\t\t\t\t\t\t\t\t\t\t<a href=\"https:\/\/www.pari-geisa.org\/de\/2024\/12\/02\/of-borders-law-and-the-world\/\">\n\n\t\t\t\t\t\t\t\t\t\t\t\t<span class=\"elementor-icon-list-icon\">\n\t\t\t\t\t\t\t<i aria-hidden=\"true\" class=\"far fa-dot-circle\"><\/i>\t\t\t\t\t\t<\/span>\n\t\t\t\t\t\t\t\t\t\t<span class=\"elementor-icon-list-text\">Internationales Symposium \u201eOf Law and the World\u201c in Kooperation mit Alexandra Kemmerer (MPI Heidelberg) in Geisa<\/span>\n\t\t\t\t\t\t\t\t\t\t\t<\/a>\n\t\t\t\t\t\t\t\t\t<\/li>\n\t\t\t\t\t\t\t\t<li class=\"elementor-icon-list-item\">\n\t\t\t\t\t\t\t\t\t\t\t<a href=\"https:\/\/www.pari-geisa.org\/de\/2024\/12\/02\/of-borders-law-and-the-world\/\">\n\n\t\t\t\t\t\t\t\t\t\t\t\t<span class=\"elementor-icon-list-icon\">\n\t\t\t\t\t\t\t<i aria-hidden=\"true\" class=\"far fa-dot-circle\"><\/i>\t\t\t\t\t\t<\/span>\n\t\t\t\t\t\t\t\t\t\t<span class=\"elementor-icon-list-text\">\u00d6ffentliche Podiumsdiskussion \u201eAuf der Grenze: V\u00f6lkerrecht zwischen Niedergang und Neuordnung?\u201c mit David Kennedy (Harvard University), Martti Koskenniemi (Universit\u00e4t Helsinki) (Uni W\u00fcrzburg), Florian Hoffmann (Pontif\u00edcia Universidade Cat\u00f3lica do Rio de Janeiro), Alexandra Kemmerer (MPIL Heidelberg\/Berlin) und Claudia Wiesner (HS Fulda)<\/span>\n\t\t\t\t\t\t\t\t\t\t\t<\/a>\n\t\t\t\t\t\t\t\t\t<\/li>\n\t\t\t\t\t\t<\/ul>\n\t\t\t\t\t\t<\/div>\n\t\t\t\t<\/div>\n\t\t\t\t<div class=\"elementor-element elementor-element-02f0a05 elementor-widget elementor-widget-text-editor\" data-id=\"02f0a05\" data-element_type=\"widget\" data-e-type=\"widget\" data-widget_type=\"text-editor.default\">\n\t\t\t\t<div class=\"elementor-widget-container\">\n\t\t\t\t\t\t\t\t\t<p>Im Jahr 2024 hat das Point Alpha Research Institute nicht nur Wissen erweitert, sondern auch Br\u00fccken zwischen Forschung und \u00d6ffentlichkeit geschlagen. Die Ereignisse des vergangenen Jahres spiegeln das Engagement des Instituts f\u00fcr eine tiefgreifende Auseinandersetzung mit den dr\u00e4ngenden Fragen unserer Zeit wider und lassen hoffen, dass die gewonnenen Erkenntnisse einen nachhaltigen Einfluss auf die Gestaltung der Welt haben werden.<\/p>\t\t\t\t\t\t\t\t<\/div>\n\t\t\t\t<\/div>\n\t\t\t\t\t<\/div>\n\t\t<\/div>\n\t\t\t\t<div class=\"elementor-column elementor-col-50 elementor-inner-column elementor-element elementor-element-acf7be9\" data-id=\"acf7be9\" data-element_type=\"column\" data-e-type=\"column\">\n\t\t\t<div class=\"elementor-widget-wrap elementor-element-populated\">\n\t\t\t\t\t\t<div class=\"elementor-element elementor-element-5ba6c7b elementor-widget elementor-widget-gallery\" data-id=\"5ba6c7b\" data-element_type=\"widget\" data-e-type=\"widget\" data-settings=\"{&quot;gallery_layout&quot;:&quot;masonry&quot;,&quot;columns&quot;:2,&quot;lazyload&quot;:&quot;yes&quot;,&quot;columns_tablet&quot;:2,&quot;columns_mobile&quot;:1,&quot;gap&quot;:{&quot;unit&quot;:&quot;px&quot;,&quot;size&quot;:10,&quot;sizes&quot;:[]},&quot;gap_tablet&quot;:{&quot;unit&quot;:&quot;px&quot;,&quot;size&quot;:10,&quot;sizes&quot;:[]},&quot;gap_mobile&quot;:{&quot;unit&quot;:&quot;px&quot;,&quot;size&quot;:10,&quot;sizes&quot;:[]},&quot;link_to&quot;:&quot;file&quot;,&quot;overlay_background&quot;:&quot;yes&quot;,&quot;content_hover_animation&quot;:&quot;fade-in&quot;}\" data-widget_type=\"gallery.default\">\n\t\t\t\t<div class=\"elementor-widget-container\">\n\t\t\t\t\t\t\t<div class=\"elementor-gallery__container\">\n\t\t\t\t\t\t\t<a class=\"e-gallery-item elementor-gallery-item elementor-animated-content\" href=\"https:\/\/www.pari-geisa.org\/wp-content\/uploads\/2025\/01\/20241210_HMWilson_DSCF6137-scaled.jpg\" data-elementor-open-lightbox=\"no\">\n\t\t\t\t\t<div class=\"e-gallery-image elementor-gallery-item__image\" data-thumbnail=\"https:\/\/www.pari-geisa.org\/wp-content\/uploads\/2025\/01\/20241210_HMWilson_DSCF6137-scaled.jpg\" data-width=\"2560\" data-height=\"1707\" aria-label=\"\" role=\"img\" ><\/div>\n\t\t\t\t\t\t\t\t\t\t\t<div class=\"elementor-gallery-item__overlay\"><\/div>\n\t\t\t\t\t\t\t\t\t\t\t\t\t\t<\/a>\n\t\t\t\t\t\t\t<a class=\"e-gallery-item elementor-gallery-item elementor-animated-content\" href=\"https:\/\/www.pari-geisa.org\/wp-content\/uploads\/2025\/01\/20241209_HMWilson_DSCF5927-1-scaled.jpg\" data-elementor-open-lightbox=\"no\">\n\t\t\t\t\t<div class=\"e-gallery-image elementor-gallery-item__image\" data-thumbnail=\"https:\/\/www.pari-geisa.org\/wp-content\/uploads\/2025\/01\/20241209_HMWilson_DSCF5927-1-scaled.jpg\" data-width=\"2560\" data-height=\"1707\" aria-label=\"\" role=\"img\" ><\/div>\n\t\t\t\t\t\t\t\t\t\t\t<div class=\"elementor-gallery-item__overlay\"><\/div>\n\t\t\t\t\t\t\t\t\t\t\t\t\t\t<\/a>\n\t\t\t\t\t\t\t<a class=\"e-gallery-item elementor-gallery-item elementor-animated-content\" href=\"https:\/\/www.pari-geisa.org\/wp-content\/uploads\/2025\/01\/20241208_HMWilson_DSCF5854-1-scaled.jpg\" data-elementor-open-lightbox=\"no\">\n\t\t\t\t\t<div class=\"e-gallery-image elementor-gallery-item__image\" data-thumbnail=\"https:\/\/www.pari-geisa.org\/wp-content\/uploads\/2025\/01\/20241208_HMWilson_DSCF5854-1-scaled.jpg\" data-width=\"2560\" data-height=\"1707\" aria-label=\"\" role=\"img\" ><\/div>\n\t\t\t\t\t\t\t\t\t\t\t<div class=\"elementor-gallery-item__overlay\"><\/div>\n\t\t\t\t\t\t\t\t\t\t\t\t\t\t<\/a>\n\t\t\t\t\t\t\t<a class=\"e-gallery-item elementor-gallery-item elementor-animated-content\" href=\"https:\/\/www.pari-geisa.org\/wp-content\/uploads\/2025\/01\/20241209_HMWilson_DSCF4075-scaled.jpg\" data-elementor-open-lightbox=\"no\">\n\t\t\t\t\t<div class=\"e-gallery-image elementor-gallery-item__image\" data-thumbnail=\"https:\/\/www.pari-geisa.org\/wp-content\/uploads\/2025\/01\/20241209_HMWilson_DSCF4075-scaled.jpg\" data-width=\"2560\" data-height=\"1707\" aria-label=\"\" role=\"img\" ><\/div>\n\t\t\t\t\t\t\t\t\t\t\t<div class=\"elementor-gallery-item__overlay\"><\/div>\n\t\t\t\t\t\t\t\t\t\t\t\t\t\t<\/a>\n\t\t\t\t\t\t\t<a class=\"e-gallery-item elementor-gallery-item elementor-animated-content\" href=\"https:\/\/www.pari-geisa.org\/wp-content\/uploads\/2025\/01\/20241210_HMWilson_L1012888-scaled.jpg\" data-elementor-open-lightbox=\"no\">\n\t\t\t\t\t<div class=\"e-gallery-image elementor-gallery-item__image\" data-thumbnail=\"https:\/\/www.pari-geisa.org\/wp-content\/uploads\/2025\/01\/20241210_HMWilson_L1012888-scaled.jpg\" data-width=\"2560\" data-height=\"1704\" aria-label=\"\" role=\"img\" ><\/div>\n\t\t\t\t\t\t\t\t\t\t\t<div class=\"elementor-gallery-item__overlay\"><\/div>\n\t\t\t\t\t\t\t\t\t\t\t\t\t\t<\/a>\n\t\t\t\t\t\t\t<a class=\"e-gallery-item elementor-gallery-item elementor-animated-content\" href=\"https:\/\/www.pari-geisa.org\/wp-content\/uploads\/2024\/10\/csm_DDRnDDR_59e6419c94-1.webp\" data-elementor-open-lightbox=\"no\">\n\t\t\t\t\t<div class=\"e-gallery-image elementor-gallery-item__image\" data-thumbnail=\"https:\/\/www.pari-geisa.org\/wp-content\/uploads\/2024\/10\/csm_DDRnDDR_59e6419c94-1.webp\" data-width=\"846\" data-height=\"1200\" aria-label=\"\" role=\"img\" ><\/div>\n\t\t\t\t\t\t\t\t\t\t\t<div class=\"elementor-gallery-item__overlay\"><\/div>\n\t\t\t\t\t\t\t\t\t\t\t\t\t\t<\/a>\n\t\t\t\t\t\t\t<a class=\"e-gallery-item elementor-gallery-item elementor-animated-content\" href=\"https:\/\/www.pari-geisa.org\/wp-content\/uploads\/2024\/12\/Workshop.png\" data-elementor-open-lightbox=\"no\">\n\t\t\t\t\t<div class=\"e-gallery-image elementor-gallery-item__image\" data-thumbnail=\"https:\/\/www.pari-geisa.org\/wp-content\/uploads\/2024\/12\/Workshop.png\" data-width=\"880\" data-height=\"880\" aria-label=\"\" role=\"img\" ><\/div>\n\t\t\t\t\t\t\t\t\t\t\t<div class=\"elementor-gallery-item__overlay\"><\/div>\n\t\t\t\t\t\t\t\t\t\t\t\t\t\t<\/a>\n\t\t\t\t\t\t\t<a class=\"e-gallery-item elementor-gallery-item elementor-animated-content\" href=\"https:\/\/www.pari-geisa.org\/wp-content\/uploads\/2025\/01\/241208mw725406LOWV3-scaled.jpg\" data-elementor-open-lightbox=\"no\">\n\t\t\t\t\t<div class=\"e-gallery-image elementor-gallery-item__image\" data-thumbnail=\"https:\/\/www.pari-geisa.org\/wp-content\/uploads\/2025\/01\/241208mw725406LOWV3-scaled.jpg\" data-width=\"2560\" data-height=\"1704\" aria-label=\"\" role=\"img\" ><\/div>\n\t\t\t\t\t\t\t\t\t\t\t<div class=\"elementor-gallery-item__overlay\"><\/div>\n\t\t\t\t\t\t\t\t\t\t\t\t\t\t<\/a>\n\t\t\t\t\t\t\t<a class=\"e-gallery-item elementor-gallery-item elementor-animated-content\" href=\"https:\/\/www.pari-geisa.org\/wp-content\/uploads\/2024\/11\/Screentshot-2024.png\" data-elementor-open-lightbox=\"no\">\n\t\t\t\t\t<div class=\"e-gallery-image elementor-gallery-item__image\" data-thumbnail=\"https:\/\/www.pari-geisa.org\/wp-content\/uploads\/2024\/11\/Screentshot-2024.png\" data-width=\"672\" data-height=\"880\" aria-label=\"\" role=\"img\" ><\/div>\n\t\t\t\t\t\t\t\t\t\t\t<div class=\"elementor-gallery-item__overlay\"><\/div>\n\t\t\t\t\t\t\t\t\t\t\t\t\t\t<\/a>\n\t\t\t\t\t<\/div>\n\t\t\t\t\t<\/div>\n\t\t\t\t<\/div>\n\t\t\t\t\t<\/div>\n\t\t<\/div>\n\t\t\t\t\t<\/div>\n\t\t<\/section>\n\t\t\t\t\t<\/div>\n\t\t<\/div>\n\t\t\t\t\t<\/div>\n\t\t<\/section>\n\t\t\t\t<\/div>","protected":false},"excerpt":{"rendered":"<p>Showcase A look back at a year of intensive research and discussions: Point Alpha Research Institute in 2024 Eventlist In 2024, our events provided a platform for critical discussions on democracy, migration, European identity, and historical perspectives. Collaborations with renowned universities and scholars enriched debates and led to meaningful academic exchanges. The success of the [&hellip;]<\/p>\n","protected":false},"author":2,"featured_media":2308,"comment_status":"closed","ping_status":"closed","sticky":false,"template":"","format":"standard","meta":{"site-sidebar-layout":"default","site-content-layout":"","ast-site-content-layout":"default","site-content-style":"default","site-sidebar-style":"default","ast-global-header-display":"","ast-banner-title-visibility":"","ast-main-header-display":"","ast-hfb-above-header-display":"","ast-hfb-below-header-display":"","ast-hfb-mobile-header-display":"","site-post-title":"","ast-breadcrumbs-content":"","ast-featured-img":"","footer-sml-layout":"","ast-disable-related-posts":"","theme-transparent-header-meta":"default","adv-header-id-meta":"","stick-header-meta":"default","header-above-stick-meta":"","header-main-stick-meta":"","header-below-stick-meta":"","astra-migrate-meta-layouts":"set","ast-page-background-enabled":"default","ast-page-background-meta":{"desktop":{"background-color":"var(--ast-global-color-4)","background-image":"","background-repeat":"repeat","background-position":"center center","background-size":"auto","background-attachment":"scroll","background-type":"","background-media":"","overlay-type":"","overlay-color":"","overlay-opacity":"","overlay-gradient":""},"tablet":{"background-color":"","background-image":"","background-repeat":"repeat","background-position":"center center","background-size":"auto","background-attachment":"scroll","background-type":"","background-media":"","overlay-type":"","overlay-color":"","overlay-opacity":"","overlay-gradient":""},"mobile":{"background-color":"","background-image":"","background-repeat":"repeat","background-position":"center center","background-size":"auto","background-attachment":"scroll","background-type":"","background-media":"","overlay-type":"","overlay-color":"","overlay-opacity":"","overlay-gradient":""}},"ast-content-background-meta":{"desktop":{"background-color":"var(--ast-global-color-5)","background-image":"","background-repeat":"repeat","background-position":"center center","background-size":"auto","background-attachment":"scroll","background-type":"","background-media":"","overlay-type":"","overlay-color":"","overlay-opacity":"","overlay-gradient":""},"tablet":{"background-color":"var(--ast-global-color-5)","background-image":"","background-repeat":"repeat","background-position":"center center","background-size":"auto","background-attachment":"scroll","background-type":"","background-media":"","overlay-type":"","overlay-color":"","overlay-opacity":"","overlay-gradient":""},"mobile":{"background-color":"var(--ast-global-color-5)","background-image":"","background-repeat":"repeat","background-position":"center center","background-size":"auto","background-attachment":"scroll","background-type":"","background-media":"","overlay-type":"","overlay-color":"","overlay-opacity":"","overlay-gradient":""}},"footnotes":""},"categories":[8],"tags":[],"class_list":["post-2298","post","type-post","status-publish","format-standard","has-post-thumbnail","hentry","category-events"],"yoast_head":"<!-- This site is optimized with the Yoast SEO plugin v27.5 - https:\/\/yoast.com\/product\/yoast-seo-wordpress\/ -->\n<title>Showcase PARI Events 2024 - Point Alpha Institut<\/title>\n<meta name=\"description\" content=\"A look back at a year of intensive research and discussions and the events that took place with the Point Alpha Research Institute in 2024\" \/>\n<meta name=\"robots\" content=\"index, follow, max-snippet:-1, max-image-preview:large, max-video-preview:-1\" \/>\n<link rel=\"canonical\" href=\"https:\/\/www.pari-geisa.org\/de\/2025\/02\/15\/showcase-past-events-pari-2024-2\/\" \/>\n<meta property=\"og:locale\" content=\"de_DE\" \/>\n<meta property=\"og:type\" content=\"article\" \/>\n<meta property=\"og:title\" content=\"Showcase PARI Events 2024 - Point Alpha Institut\" \/>\n<meta property=\"og:description\" content=\"A look back at a year of intensive research and discussions and the events that took place with the Point Alpha Research Institute in 2024\" \/>\n<meta property=\"og:url\" content=\"https:\/\/www.pari-geisa.org\/de\/2025\/02\/15\/showcase-past-events-pari-2024-2\/\" \/>\n<meta property=\"og:site_name\" content=\"Point Alpha Institut\" \/>\n<meta property=\"article:published_time\" content=\"2025-02-15T16:56:02+00:00\" \/>\n<meta property=\"article:modified_time\" content=\"2025-02-16T11:16:33+00:00\" \/>\n<meta property=\"og:image\" content=\"https:\/\/www.pari-geisa.org\/wp-content\/uploads\/2025\/02\/Screenshot-496.png\" \/>\n\t<meta property=\"og:image:width\" content=\"552\" \/>\n\t<meta property=\"og:image:height\" content=\"775\" \/>\n\t<meta property=\"og:image:type\" content=\"image\/png\" \/>\n<meta name=\"author\" content=\"Max Zarnojanczyk\" \/>\n<meta name=\"twitter:card\" content=\"summary_large_image\" \/>\n<meta name=\"twitter:creator\" content=\"@PointAlphaInst\" \/>\n<meta name=\"twitter:site\" content=\"@PointAlphaInst\" \/>\n<meta name=\"twitter:label1\" content=\"Verfasst von\" \/>\n\t<meta name=\"twitter:data1\" content=\"Max Zarnojanczyk\" \/>\n\t<meta name=\"twitter:label2\" content=\"Gesch\u00e4tzte Lesezeit\" \/>\n\t<meta name=\"twitter:data2\" content=\"5\u00a0Minuten\" \/>\n<script type=\"application\/ld+json\" class=\"yoast-schema-graph\">{\"@context\":\"https:\\\/\\\/schema.org\",\"@graph\":[{\"@type\":\"Article\",\"@id\":\"https:\\\/\\\/www.pari-geisa.org\\\/2025\\\/02\\\/15\\\/showcase-past-events-pari-2024-2\\\/#article\",\"isPartOf\":{\"@id\":\"https:\\\/\\\/www.pari-geisa.org\\\/2025\\\/02\\\/15\\\/showcase-past-events-pari-2024-2\\\/\"},\"author\":{\"name\":\"Max Zarnojanczyk\",\"@id\":\"https:\\\/\\\/www.pari-geisa.org\\\/#\\\/schema\\\/person\\\/636dced1f942d3ce57a182eadef41a0e\"},\"headline\":\"Showcase PARI Events 2024\",\"datePublished\":\"2025-02-15T16:56:02+00:00\",\"dateModified\":\"2025-02-16T11:16:33+00:00\",\"mainEntityOfPage\":{\"@id\":\"https:\\\/\\\/www.pari-geisa.org\\\/2025\\\/02\\\/15\\\/showcase-past-events-pari-2024-2\\\/\"},\"wordCount\":785,\"publisher\":{\"@id\":\"https:\\\/\\\/www.pari-geisa.org\\\/#organization\"},\"image\":{\"@id\":\"https:\\\/\\\/www.pari-geisa.org\\\/2025\\\/02\\\/15\\\/showcase-past-events-pari-2024-2\\\/#primaryimage\"},\"thumbnailUrl\":\"https:\\\/\\\/www.pari-geisa.org\\\/wp-content\\\/uploads\\\/2025\\\/02\\\/Screenshot-496.png\",\"articleSection\":[\"Events\"],\"inLanguage\":\"de\"},{\"@type\":\"WebPage\",\"@id\":\"https:\\\/\\\/www.pari-geisa.org\\\/2025\\\/02\\\/15\\\/showcase-past-events-pari-2024-2\\\/\",\"url\":\"https:\\\/\\\/www.pari-geisa.org\\\/2025\\\/02\\\/15\\\/showcase-past-events-pari-2024-2\\\/\",\"name\":\"Showcase PARI Events 2024 - Point Alpha Institut\",\"isPartOf\":{\"@id\":\"https:\\\/\\\/www.pari-geisa.org\\\/#website\"},\"primaryImageOfPage\":{\"@id\":\"https:\\\/\\\/www.pari-geisa.org\\\/2025\\\/02\\\/15\\\/showcase-past-events-pari-2024-2\\\/#primaryimage\"},\"image\":{\"@id\":\"https:\\\/\\\/www.pari-geisa.org\\\/2025\\\/02\\\/15\\\/showcase-past-events-pari-2024-2\\\/#primaryimage\"},\"thumbnailUrl\":\"https:\\\/\\\/www.pari-geisa.org\\\/wp-content\\\/uploads\\\/2025\\\/02\\\/Screenshot-496.png\",\"datePublished\":\"2025-02-15T16:56:02+00:00\",\"dateModified\":\"2025-02-16T11:16:33+00:00\",\"description\":\"A look back at a year of intensive research and discussions and the events that took place with the Point Alpha Research Institute in 2024\",\"breadcrumb\":{\"@id\":\"https:\\\/\\\/www.pari-geisa.org\\\/2025\\\/02\\\/15\\\/showcase-past-events-pari-2024-2\\\/#breadcrumb\"},\"inLanguage\":\"de\",\"potentialAction\":[{\"@type\":\"ReadAction\",\"target\":[\"https:\\\/\\\/www.pari-geisa.org\\\/2025\\\/02\\\/15\\\/showcase-past-events-pari-2024-2\\\/\"]}]},{\"@type\":\"ImageObject\",\"inLanguage\":\"de\",\"@id\":\"https:\\\/\\\/www.pari-geisa.org\\\/2025\\\/02\\\/15\\\/showcase-past-events-pari-2024-2\\\/#primaryimage\",\"url\":\"https:\\\/\\\/www.pari-geisa.org\\\/wp-content\\\/uploads\\\/2025\\\/02\\\/Screenshot-496.png\",\"contentUrl\":\"https:\\\/\\\/www.pari-geisa.org\\\/wp-content\\\/uploads\\\/2025\\\/02\\\/Screenshot-496.png\",\"width\":552,\"height\":775},{\"@type\":\"BreadcrumbList\",\"@id\":\"https:\\\/\\\/www.pari-geisa.org\\\/2025\\\/02\\\/15\\\/showcase-past-events-pari-2024-2\\\/#breadcrumb\",\"itemListElement\":[{\"@type\":\"ListItem\",\"position\":1,\"name\":\"Startseite\",\"item\":\"https:\\\/\\\/www.pari-geisa.org\\\/\"},{\"@type\":\"ListItem\",\"position\":2,\"name\":\"Showcase PARI Events 2024\"}]},{\"@type\":\"WebSite\",\"@id\":\"https:\\\/\\\/www.pari-geisa.org\\\/#website\",\"url\":\"https:\\\/\\\/www.pari-geisa.org\\\/\",\"name\":\"Point Alpha Institut\",\"description\":\"\",\"publisher\":{\"@id\":\"https:\\\/\\\/www.pari-geisa.org\\\/#organization\"},\"potentialAction\":[{\"@type\":\"SearchAction\",\"target\":{\"@type\":\"EntryPoint\",\"urlTemplate\":\"https:\\\/\\\/www.pari-geisa.org\\\/?s={search_term_string}\"},\"query-input\":{\"@type\":\"PropertyValueSpecification\",\"valueRequired\":true,\"valueName\":\"search_term_string\"}}],\"inLanguage\":\"de\"},{\"@type\":\"Organization\",\"@id\":\"https:\\\/\\\/www.pari-geisa.org\\\/#organization\",\"name\":\"Point Alpha Institut\",\"url\":\"https:\\\/\\\/www.pari-geisa.org\\\/\",\"logo\":{\"@type\":\"ImageObject\",\"inLanguage\":\"de\",\"@id\":\"https:\\\/\\\/www.pari-geisa.org\\\/#\\\/schema\\\/logo\\\/image\\\/\",\"url\":\"https:\\\/\\\/www.pari-geisa.org\\\/wp-content\\\/uploads\\\/2022\\\/11\\\/PARI_Logo_Header_Blau_172px.png\",\"contentUrl\":\"https:\\\/\\\/www.pari-geisa.org\\\/wp-content\\\/uploads\\\/2022\\\/11\\\/PARI_Logo_Header_Blau_172px.png\",\"width\":172,\"height\":72,\"caption\":\"Point Alpha Institut\"},\"image\":{\"@id\":\"https:\\\/\\\/www.pari-geisa.org\\\/#\\\/schema\\\/logo\\\/image\\\/\"},\"sameAs\":[\"https:\\\/\\\/x.com\\\/PointAlphaInst\"]},{\"@type\":\"Person\",\"@id\":\"https:\\\/\\\/www.pari-geisa.org\\\/#\\\/schema\\\/person\\\/636dced1f942d3ce57a182eadef41a0e\",\"name\":\"Max Zarnojanczyk\",\"image\":{\"@type\":\"ImageObject\",\"inLanguage\":\"de\",\"@id\":\"https:\\\/\\\/secure.gravatar.com\\\/avatar\\\/34074f5d9ad2fe286b465f896857f5ebecc318d0b5a1a9042fb0f3b33277782f?s=96&r=g\",\"url\":\"https:\\\/\\\/secure.gravatar.com\\\/avatar\\\/34074f5d9ad2fe286b465f896857f5ebecc318d0b5a1a9042fb0f3b33277782f?s=96&r=g\",\"contentUrl\":\"https:\\\/\\\/secure.gravatar.com\\\/avatar\\\/34074f5d9ad2fe286b465f896857f5ebecc318d0b5a1a9042fb0f3b33277782f?s=96&r=g\",\"caption\":\"Max Zarnojanczyk\"},\"url\":\"https:\\\/\\\/www.pari-geisa.org\\\/de\\\/author\\\/zarnojanczyk\\\/\"}]}<\/script>\n<!-- \/ Yoast SEO plugin. -->","yoast_head_json":{"title":"Showcase PARI Events 2024 - Point Alpha Institut","description":"A look back at a year of intensive research and discussions and the events that took place with the Point Alpha Research Institute in 2024","robots":{"index":"index","follow":"follow","max-snippet":"max-snippet:-1","max-image-preview":"max-image-preview:large","max-video-preview":"max-video-preview:-1"},"canonical":"https:\/\/www.pari-geisa.org\/de\/2025\/02\/15\/showcase-past-events-pari-2024-2\/","og_locale":"de_DE","og_type":"article","og_title":"Showcase PARI Events 2024 - Point Alpha Institut","og_description":"A look back at a year of intensive research and discussions and the events that took place with the Point Alpha Research Institute in 2024","og_url":"https:\/\/www.pari-geisa.org\/de\/2025\/02\/15\/showcase-past-events-pari-2024-2\/","og_site_name":"Point Alpha Institut","article_published_time":"2025-02-15T16:56:02+00:00","article_modified_time":"2025-02-16T11:16:33+00:00","og_image":[{"width":552,"height":775,"url":"https:\/\/www.pari-geisa.org\/wp-content\/uploads\/2025\/02\/Screenshot-496.png","type":"image\/png"}],"author":"Max Zarnojanczyk","twitter_card":"summary_large_image","twitter_creator":"@PointAlphaInst","twitter_site":"@PointAlphaInst","twitter_misc":{"Verfasst von":"Max Zarnojanczyk","Gesch\u00e4tzte Lesezeit":"5\u00a0Minuten"},"schema":{"@context":"https:\/\/schema.org","@graph":[{"@type":"Article","@id":"https:\/\/www.pari-geisa.org\/2025\/02\/15\/showcase-past-events-pari-2024-2\/#article","isPartOf":{"@id":"https:\/\/www.pari-geisa.org\/2025\/02\/15\/showcase-past-events-pari-2024-2\/"},"author":{"name":"Max Zarnojanczyk","@id":"https:\/\/www.pari-geisa.org\/#\/schema\/person\/636dced1f942d3ce57a182eadef41a0e"},"headline":"Showcase PARI Events 2024","datePublished":"2025-02-15T16:56:02+00:00","dateModified":"2025-02-16T11:16:33+00:00","mainEntityOfPage":{"@id":"https:\/\/www.pari-geisa.org\/2025\/02\/15\/showcase-past-events-pari-2024-2\/"},"wordCount":785,"publisher":{"@id":"https:\/\/www.pari-geisa.org\/#organization"},"image":{"@id":"https:\/\/www.pari-geisa.org\/2025\/02\/15\/showcase-past-events-pari-2024-2\/#primaryimage"},"thumbnailUrl":"https:\/\/www.pari-geisa.org\/wp-content\/uploads\/2025\/02\/Screenshot-496.png","articleSection":["Events"],"inLanguage":"de"},{"@type":"WebPage","@id":"https:\/\/www.pari-geisa.org\/2025\/02\/15\/showcase-past-events-pari-2024-2\/","url":"https:\/\/www.pari-geisa.org\/2025\/02\/15\/showcase-past-events-pari-2024-2\/","name":"Showcase PARI Events 2024 - Point Alpha Institut","isPartOf":{"@id":"https:\/\/www.pari-geisa.org\/#website"},"primaryImageOfPage":{"@id":"https:\/\/www.pari-geisa.org\/2025\/02\/15\/showcase-past-events-pari-2024-2\/#primaryimage"},"image":{"@id":"https:\/\/www.pari-geisa.org\/2025\/02\/15\/showcase-past-events-pari-2024-2\/#primaryimage"},"thumbnailUrl":"https:\/\/www.pari-geisa.org\/wp-content\/uploads\/2025\/02\/Screenshot-496.png","datePublished":"2025-02-15T16:56:02+00:00","dateModified":"2025-02-16T11:16:33+00:00","description":"A look back at a year of intensive research and discussions and the events that took place with the Point Alpha Research Institute in 2024","breadcrumb":{"@id":"https:\/\/www.pari-geisa.org\/2025\/02\/15\/showcase-past-events-pari-2024-2\/#breadcrumb"},"inLanguage":"de","potentialAction":[{"@type":"ReadAction","target":["https:\/\/www.pari-geisa.org\/2025\/02\/15\/showcase-past-events-pari-2024-2\/"]}]},{"@type":"ImageObject","inLanguage":"de","@id":"https:\/\/www.pari-geisa.org\/2025\/02\/15\/showcase-past-events-pari-2024-2\/#primaryimage","url":"https:\/\/www.pari-geisa.org\/wp-content\/uploads\/2025\/02\/Screenshot-496.png","contentUrl":"https:\/\/www.pari-geisa.org\/wp-content\/uploads\/2025\/02\/Screenshot-496.png","width":552,"height":775},{"@type":"BreadcrumbList","@id":"https:\/\/www.pari-geisa.org\/2025\/02\/15\/showcase-past-events-pari-2024-2\/#breadcrumb","itemListElement":[{"@type":"ListItem","position":1,"name":"Startseite","item":"https:\/\/www.pari-geisa.org\/"},{"@type":"ListItem","position":2,"name":"Showcase PARI Events 2024"}]},{"@type":"WebSite","@id":"https:\/\/www.pari-geisa.org\/#website","url":"https:\/\/www.pari-geisa.org\/","name":"Point Alpha Institut","description":"","publisher":{"@id":"https:\/\/www.pari-geisa.org\/#organization"},"potentialAction":[{"@type":"SearchAction","target":{"@type":"EntryPoint","urlTemplate":"https:\/\/www.pari-geisa.org\/?s={search_term_string}"},"query-input":{"@type":"PropertyValueSpecification","valueRequired":true,"valueName":"search_term_string"}}],"inLanguage":"de"},{"@type":"Organization","@id":"https:\/\/www.pari-geisa.org\/#organization","name":"Point Alpha Institut","url":"https:\/\/www.pari-geisa.org\/","logo":{"@type":"ImageObject","inLanguage":"de","@id":"https:\/\/www.pari-geisa.org\/#\/schema\/logo\/image\/","url":"https:\/\/www.pari-geisa.org\/wp-content\/uploads\/2022\/11\/PARI_Logo_Header_Blau_172px.png","contentUrl":"https:\/\/www.pari-geisa.org\/wp-content\/uploads\/2022\/11\/PARI_Logo_Header_Blau_172px.png","width":172,"height":72,"caption":"Point Alpha Institut"},"image":{"@id":"https:\/\/www.pari-geisa.org\/#\/schema\/logo\/image\/"},"sameAs":["https:\/\/x.com\/PointAlphaInst"]},{"@type":"Person","@id":"https:\/\/www.pari-geisa.org\/#\/schema\/person\/636dced1f942d3ce57a182eadef41a0e","name":"Max Zarnojanczyk","image":{"@type":"ImageObject","inLanguage":"de","@id":"https:\/\/secure.gravatar.com\/avatar\/34074f5d9ad2fe286b465f896857f5ebecc318d0b5a1a9042fb0f3b33277782f?s=96&r=g","url":"https:\/\/secure.gravatar.com\/avatar\/34074f5d9ad2fe286b465f896857f5ebecc318d0b5a1a9042fb0f3b33277782f?s=96&r=g","contentUrl":"https:\/\/secure.gravatar.com\/avatar\/34074f5d9ad2fe286b465f896857f5ebecc318d0b5a1a9042fb0f3b33277782f?s=96&r=g","caption":"Max Zarnojanczyk"},"url":"https:\/\/www.pari-geisa.org\/de\/author\/zarnojanczyk\/"}]}},"_links":{"self":[{"href":"https:\/\/www.pari-geisa.org\/de\/wp-json\/wp\/v2\/posts\/2298","targetHints":{"allow":["GET"]}}],"collection":[{"href":"https:\/\/www.pari-geisa.org\/de\/wp-json\/wp\/v2\/posts"}],"about":[{"href":"https:\/\/www.pari-geisa.org\/de\/wp-json\/wp\/v2\/types\/post"}],"author":[{"embeddable":true,"href":"https:\/\/www.pari-geisa.org\/de\/wp-json\/wp\/v2\/users\/2"}],"replies":[{"embeddable":true,"href":"https:\/\/www.pari-geisa.org\/de\/wp-json\/wp\/v2\/comments?post=2298"}],"version-history":[{"count":9,"href":"https:\/\/www.pari-geisa.org\/de\/wp-json\/wp\/v2\/posts\/2298\/revisions"}],"predecessor-version":[{"id":2310,"href":"https:\/\/www.pari-geisa.org\/de\/wp-json\/wp\/v2\/posts\/2298\/revisions\/2310"}],"wp:featuredmedia":[{"embeddable":true,"href":"https:\/\/www.pari-geisa.org\/de\/wp-json\/wp\/v2\/media\/2308"}],"wp:attachment":[{"href":"https:\/\/www.pari-geisa.org\/de\/wp-json\/wp\/v2\/media?parent=2298"}],"wp:term":[{"taxonomy":"category","embeddable":true,"href":"https:\/\/www.pari-geisa.org\/de\/wp-json\/wp\/v2\/categories?post=2298"},{"taxonomy":"post_tag","embeddable":true,"href":"https:\/\/www.pari-geisa.org\/de\/wp-json\/wp\/v2\/tags?post=2298"}],"curies":[{"name":"wp","href":"https:\/\/api.w.org\/{rel}","templated":true}]}}